{"id":1713,"date":"2022-09-27T23:38:14","date_gmt":"2022-09-27T23:38:14","guid":{"rendered":"http:\/\/localhost:8080\/ppu-informa\/estado-y-efectos-en-la-descentralizacion\/"},"modified":"2025-08-20T17:06:45","modified_gmt":"2025-08-20T21:06:45","slug":"estado-y-efectos-en-la-descentralizacion","status":"publish","type":"article","link":"https:\/\/ppulegal.com\/en\/actualidad-legal\/estado-y-efectos-en-la-descentralizacion\/","title":{"rendered":"El Estado Regional y sus efectos en la descentralizaci\u00f3n"},"content":{"rendered":"<p>El Estado Regional y sus efectos en la descentralizaci\u00f3n small Fuente: Abogados involucrados Publicaciones relacionadas     <\/p>\n","protected":false},"excerpt":{"rendered":"<p>Los profesores\u00a0Jos\u00e9 Luis Lara\u00a0y Carolina Helfmann dieron cuenta de las normas relativas a las regiones y comunas aut\u00f3nomas, autonom\u00edas territoriales ind\u00edgenas, descentralizaci\u00f3n fiscal y participaci\u00f3n ciudadana&#8230;<\/p>\n","protected":false},"author":2,"menu_order":0,"template":"","meta":{"_acf_changed":false,"footnotes":""},"tax_location":[6],"article_type":[4],"class_list":["post-1713","article","type-article","status-publish","hentry","tax_location-chile","article_type-noticia"],"acf":[],"yoast_head":"<!-- This site is optimized with the Yoast SEO plugin v26.4 - https:\/\/yoast.com\/wordpress\/plugins\/seo\/ -->\n<title>El Estado Regional y sus efectos en la descentralizaci\u00f3n - PPU Legal<\/title>\n<meta name=\"robots\" content=\"index, follow, max-snippet:-1, max-image-preview:large, max-video-preview:-1\" \/>\n<link rel=\"canonical\" href=\"https:\/\/ppulegal.com\/en\/actualidad-legal\/estado-y-efectos-en-la-descentralizacion\/\" \/>\n<meta property=\"og:locale\" content=\"en_US\" \/>\n<meta property=\"og:type\" content=\"article\" \/>\n<meta property=\"og:title\" content=\"El Estado Regional y sus efectos en la descentralizaci\u00f3n - PPU Legal\" \/>\n<meta property=\"og:description\" content=\"Los profesores\u00a0Jos\u00e9 Luis Lara\u00a0y Carolina Helfmann dieron cuenta de las normas relativas a las regiones y comunas aut\u00f3nomas, autonom\u00edas territoriales ind\u00edgenas, descentralizaci\u00f3n fiscal y participaci\u00f3n ciudadana...\" \/>\n<meta property=\"og:url\" content=\"https:\/\/ppulegal.com\/en\/actualidad-legal\/estado-y-efectos-en-la-descentralizacion\/\" \/>\n<meta property=\"og:site_name\" content=\"PPU Legal\" \/>\n<meta property=\"article:modified_time\" content=\"2025-08-20T21:06:45+00:00\" \/>\n<meta name=\"twitter:card\" content=\"summary_large_image\" \/>\n<meta name=\"twitter:label1\" content=\"Est. reading time\" \/>\n\t<meta name=\"twitter:data1\" content=\"5 minutes\" \/>\n<script type=\"application\/ld+json\" class=\"yoast-schema-graph\">{\"@context\":\"https:\/\/schema.org\",\"@graph\":[{\"@type\":\"WebPage\",\"@id\":\"https:\/\/ppulegal.com\/en\/actualidad-legal\/estado-y-efectos-en-la-descentralizacion\/\",\"url\":\"https:\/\/ppulegal.com\/en\/actualidad-legal\/estado-y-efectos-en-la-descentralizacion\/\",\"name\":\"El Estado Regional y sus efectos en la descentralizaci\u00f3n - PPU Legal\",\"isPartOf\":{\"@id\":\"https:\/\/ppulegal.com\/en\/#website\"},\"datePublished\":\"2022-09-27T23:38:14+00:00\",\"dateModified\":\"2025-08-20T21:06:45+00:00\",\"breadcrumb\":{\"@id\":\"https:\/\/ppulegal.com\/en\/actualidad-legal\/estado-y-efectos-en-la-descentralizacion\/#breadcrumb\"},\"inLanguage\":\"en-US\",\"potentialAction\":[{\"@type\":\"ReadAction\",\"target\":[\"https:\/\/ppulegal.com\/en\/actualidad-legal\/estado-y-efectos-en-la-descentralizacion\/\"]}]},{\"@type\":\"BreadcrumbList\",\"@id\":\"https:\/\/ppulegal.com\/en\/actualidad-legal\/estado-y-efectos-en-la-descentralizacion\/#breadcrumb\",\"itemListElement\":[{\"@type\":\"ListItem\",\"position\":1,\"name\":\"Home\",\"item\":\"https:\/\/ppulegal.com\/en\/\"},{\"@type\":\"ListItem\",\"position\":2,\"name\":\"El Estado Regional y sus efectos en la descentralizaci\u00f3n\"}]},{\"@type\":\"WebSite\",\"@id\":\"https:\/\/ppulegal.com\/en\/#website\",\"url\":\"https:\/\/ppulegal.com\/en\/\",\"name\":\"PPU Legal\",\"description\":\"\",\"potentialAction\":[{\"@type\":\"SearchAction\",\"target\":{\"@type\":\"EntryPoint\",\"urlTemplate\":\"https:\/\/ppulegal.com\/en\/?s={search_term_string}\"},\"query-input\":{\"@type\":\"PropertyValueSpecification\",\"valueRequired\":true,\"valueName\":\"search_term_string\"}}],\"inLanguage\":\"en-US\"}]}<\/script>\n<!-- \/ Yoast SEO plugin. -->","yoast_head_json":{"title":"El Estado Regional y sus efectos en la descentralizaci\u00f3n - PPU Legal","robots":{"index":"index","follow":"follow","max-snippet":"max-snippet:-1","max-image-preview":"max-image-preview:large","max-video-preview":"max-video-preview:-1"},"canonical":"https:\/\/ppulegal.com\/en\/actualidad-legal\/estado-y-efectos-en-la-descentralizacion\/","og_locale":"en_US","og_type":"article","og_title":"El Estado Regional y sus efectos en la descentralizaci\u00f3n - PPU Legal","og_description":"Los profesores\u00a0Jos\u00e9 Luis Lara\u00a0y Carolina Helfmann dieron cuenta de las normas relativas a las regiones y comunas aut\u00f3nomas, autonom\u00edas territoriales ind\u00edgenas, descentralizaci\u00f3n fiscal y participaci\u00f3n ciudadana...","og_url":"https:\/\/ppulegal.com\/en\/actualidad-legal\/estado-y-efectos-en-la-descentralizacion\/","og_site_name":"PPU Legal","article_modified_time":"2025-08-20T21:06:45+00:00","twitter_card":"summary_large_image","twitter_misc":{"Est. reading time":"5 minutes"},"schema":{"@context":"https:\/\/schema.org","@graph":[{"@type":"WebPage","@id":"https:\/\/ppulegal.com\/en\/actualidad-legal\/estado-y-efectos-en-la-descentralizacion\/","url":"https:\/\/ppulegal.com\/en\/actualidad-legal\/estado-y-efectos-en-la-descentralizacion\/","name":"El Estado Regional y sus efectos en la descentralizaci\u00f3n - PPU Legal","isPartOf":{"@id":"https:\/\/ppulegal.com\/en\/#website"},"datePublished":"2022-09-27T23:38:14+00:00","dateModified":"2025-08-20T21:06:45+00:00","breadcrumb":{"@id":"https:\/\/ppulegal.com\/en\/actualidad-legal\/estado-y-efectos-en-la-descentralizacion\/#breadcrumb"},"inLanguage":"en-US","potentialAction":[{"@type":"ReadAction","target":["https:\/\/ppulegal.com\/en\/actualidad-legal\/estado-y-efectos-en-la-descentralizacion\/"]}]},{"@type":"BreadcrumbList","@id":"https:\/\/ppulegal.com\/en\/actualidad-legal\/estado-y-efectos-en-la-descentralizacion\/#breadcrumb","itemListElement":[{"@type":"ListItem","position":1,"name":"Home","item":"https:\/\/ppulegal.com\/en\/"},{"@type":"ListItem","position":2,"name":"El Estado Regional y sus efectos en la descentralizaci\u00f3n"}]},{"@type":"WebSite","@id":"https:\/\/ppulegal.com\/en\/#website","url":"https:\/\/ppulegal.com\/en\/","name":"PPU Legal","description":"","potentialAction":[{"@type":"SearchAction","target":{"@type":"EntryPoint","urlTemplate":"https:\/\/ppulegal.com\/en\/?s={search_term_string}"},"query-input":{"@type":"PropertyValueSpecification","valueRequired":true,"valueName":"search_term_string"}}],"inLanguage":"en-US"}]}},"_links":{"self":[{"href":"https:\/\/ppulegal.com\/en\/wp-json\/wp\/v2\/article\/1713","targetHints":{"allow":["GET"]}}],"collection":[{"href":"https:\/\/ppulegal.com\/en\/wp-json\/wp\/v2\/article"}],"about":[{"href":"https:\/\/ppulegal.com\/en\/wp-json\/wp\/v2\/types\/article"}],"author":[{"embeddable":true,"href":"https:\/\/ppulegal.com\/en\/wp-json\/wp\/v2\/users\/2"}],"version-history":[{"count":2,"href":"https:\/\/ppulegal.com\/en\/wp-json\/wp\/v2\/article\/1713\/revisions"}],"predecessor-version":[{"id":23559,"href":"https:\/\/ppulegal.com\/en\/wp-json\/wp\/v2\/article\/1713\/revisions\/23559"}],"wp:attachment":[{"href":"https:\/\/ppulegal.com\/en\/wp-json\/wp\/v2\/media?parent=1713"}],"wp:term":[{"taxonomy":"tax_location","embeddable":true,"href":"https:\/\/ppulegal.com\/en\/wp-json\/wp\/v2\/tax_location?post=1713"},{"taxonomy":"article_type","embeddable":true,"href":"https:\/\/ppulegal.com\/en\/wp-json\/wp\/v2\/article_type?post=1713"}],"curies":[{"name":"wp","href":"https:\/\/api.w.org\/{rel}","templated":true}]}}