{"id":1735,"date":"2022-09-28T15:13:46","date_gmt":"2022-09-28T15:13:46","guid":{"rendered":"http:\/\/localhost:8080\/ppu-informa\/minem-aprueba-terminos-de-referencia-del-informe-ambiental-anual-de-las-actividades-electricas-2\/"},"modified":"2025-08-20T14:54:03","modified_gmt":"2025-08-20T18:54:03","slug":"minem-aprueba-terminos-de-referencia-del-informe-ambiental-anual-de-las-actividades-electricas-2","status":"publish","type":"article","link":"https:\/\/ppulegal.com\/en\/actualidad-legal\/minem-aprueba-terminos-de-referencia-del-informe-ambiental-anual-de-las-actividades-electricas-2\/","title":{"rendered":"MINEM: Aprueba t\u00e9rminos de referencia del informe ambiental anual de las actividades el\u00e9ctricas"},"content":{"rendered":"<p>MINEM: Aprueba t\u00e9rminos de referencia del informe ambiental anual de las actividades el\u00e9ctricas small Fuente: Abogados involucrados Publicaciones relacionadas     <\/p>\n","protected":false},"excerpt":{"rendered":"<p>El 11 de agosto de 2022, se public\u00f3 la Resoluci\u00f3n Ministerial N\u00b0 285-2022-MINEM\/DM, mediante la cual se aprueba los T\u00e9rminos de Referencia para la elaboraci\u00f3n del Informe Ambiental Anual, que todo titular&#8230;<\/p>\n","protected":false},"author":2,"menu_order":0,"template":"","meta":{"_acf_changed":false,"footnotes":""},"tax_location":[8],"article_type":[3],"class_list":["post-1735","article","type-article","status-publish","hentry","tax_location-peru","article_type-newsflash"],"acf":[],"yoast_head":"<!-- This site is optimized with the Yoast SEO plugin v26.4 - https:\/\/yoast.com\/wordpress\/plugins\/seo\/ -->\n<title>MINEM: Aprueba t\u00e9rminos de referencia del informe ambiental anual de las actividades el\u00e9ctricas - PPU Legal<\/title>\n<meta name=\"robots\" content=\"index, follow, max-snippet:-1, max-image-preview:large, max-video-preview:-1\" \/>\n<link rel=\"canonical\" href=\"https:\/\/ppulegal.com\/en\/actualidad-legal\/minem-aprueba-terminos-de-referencia-del-informe-ambiental-anual-de-las-actividades-electricas-2\/\" \/>\n<meta property=\"og:locale\" content=\"en_US\" \/>\n<meta property=\"og:type\" content=\"article\" \/>\n<meta property=\"og:title\" content=\"MINEM: Aprueba t\u00e9rminos de referencia del informe ambiental anual de las actividades el\u00e9ctricas - PPU Legal\" \/>\n<meta property=\"og:description\" content=\"El 11 de agosto de 2022, se public\u00f3 la Resoluci\u00f3n Ministerial N\u00b0 285-2022-MINEM\/DM, mediante la cual se aprueba los T\u00e9rminos de Referencia para la elaboraci\u00f3n del Informe Ambiental Anual, que todo titular...\" \/>\n<meta property=\"og:url\" content=\"https:\/\/ppulegal.com\/en\/actualidad-legal\/minem-aprueba-terminos-de-referencia-del-informe-ambiental-anual-de-las-actividades-electricas-2\/\" \/>\n<meta property=\"og:site_name\" content=\"PPU Legal\" \/>\n<meta property=\"article:modified_time\" content=\"2025-08-20T18:54:03+00:00\" \/>\n<meta name=\"twitter:card\" content=\"summary_large_image\" \/>\n<meta name=\"twitter:label1\" content=\"Est. reading time\" \/>\n\t<meta name=\"twitter:data1\" content=\"1 minute\" \/>\n<script type=\"application\/ld+json\" class=\"yoast-schema-graph\">{\"@context\":\"https:\/\/schema.org\",\"@graph\":[{\"@type\":\"WebPage\",\"@id\":\"https:\/\/ppulegal.com\/en\/actualidad-legal\/minem-aprueba-terminos-de-referencia-del-informe-ambiental-anual-de-las-actividades-electricas-2\/\",\"url\":\"https:\/\/ppulegal.com\/en\/actualidad-legal\/minem-aprueba-terminos-de-referencia-del-informe-ambiental-anual-de-las-actividades-electricas-2\/\",\"name\":\"MINEM: Aprueba t\u00e9rminos de referencia del informe ambiental anual de las actividades el\u00e9ctricas - PPU Legal\",\"isPartOf\":{\"@id\":\"https:\/\/ppulegal.com\/en\/#website\"},\"datePublished\":\"2022-09-28T15:13:46+00:00\",\"dateModified\":\"2025-08-20T18:54:03+00:00\",\"breadcrumb\":{\"@id\":\"https:\/\/ppulegal.com\/en\/actualidad-legal\/minem-aprueba-terminos-de-referencia-del-informe-ambiental-anual-de-las-actividades-electricas-2\/#breadcrumb\"},\"inLanguage\":\"en-US\",\"potentialAction\":[{\"@type\":\"ReadAction\",\"target\":[\"https:\/\/ppulegal.com\/en\/actualidad-legal\/minem-aprueba-terminos-de-referencia-del-informe-ambiental-anual-de-las-actividades-electricas-2\/\"]}]},{\"@type\":\"BreadcrumbList\",\"@id\":\"https:\/\/ppulegal.com\/en\/actualidad-legal\/minem-aprueba-terminos-de-referencia-del-informe-ambiental-anual-de-las-actividades-electricas-2\/#breadcrumb\",\"itemListElement\":[{\"@type\":\"ListItem\",\"position\":1,\"name\":\"Home\",\"item\":\"https:\/\/ppulegal.com\/en\/\"},{\"@type\":\"ListItem\",\"position\":2,\"name\":\"MINEM: Aprueba t\u00e9rminos de referencia del informe ambiental anual de las actividades el\u00e9ctricas\"}]},{\"@type\":\"WebSite\",\"@id\":\"https:\/\/ppulegal.com\/en\/#website\",\"url\":\"https:\/\/ppulegal.com\/en\/\",\"name\":\"PPU Legal\",\"description\":\"\",\"potentialAction\":[{\"@type\":\"SearchAction\",\"target\":{\"@type\":\"EntryPoint\",\"urlTemplate\":\"https:\/\/ppulegal.com\/en\/?s={search_term_string}\"},\"query-input\":{\"@type\":\"PropertyValueSpecification\",\"valueRequired\":true,\"valueName\":\"search_term_string\"}}],\"inLanguage\":\"en-US\"}]}<\/script>\n<!-- \/ Yoast SEO plugin. -->","yoast_head_json":{"title":"MINEM: Aprueba t\u00e9rminos de referencia del informe ambiental anual de las actividades el\u00e9ctricas - PPU Legal","robots":{"index":"index","follow":"follow","max-snippet":"max-snippet:-1","max-image-preview":"max-image-preview:large","max-video-preview":"max-video-preview:-1"},"canonical":"https:\/\/ppulegal.com\/en\/actualidad-legal\/minem-aprueba-terminos-de-referencia-del-informe-ambiental-anual-de-las-actividades-electricas-2\/","og_locale":"en_US","og_type":"article","og_title":"MINEM: Aprueba t\u00e9rminos de referencia del informe ambiental anual de las actividades el\u00e9ctricas - PPU Legal","og_description":"El 11 de agosto de 2022, se public\u00f3 la Resoluci\u00f3n Ministerial N\u00b0 285-2022-MINEM\/DM, mediante la cual se aprueba los T\u00e9rminos de Referencia para la elaboraci\u00f3n del Informe Ambiental Anual, que todo titular...","og_url":"https:\/\/ppulegal.com\/en\/actualidad-legal\/minem-aprueba-terminos-de-referencia-del-informe-ambiental-anual-de-las-actividades-electricas-2\/","og_site_name":"PPU Legal","article_modified_time":"2025-08-20T18:54:03+00:00","twitter_card":"summary_large_image","twitter_misc":{"Est. reading time":"1 minute"},"schema":{"@context":"https:\/\/schema.org","@graph":[{"@type":"WebPage","@id":"https:\/\/ppulegal.com\/en\/actualidad-legal\/minem-aprueba-terminos-de-referencia-del-informe-ambiental-anual-de-las-actividades-electricas-2\/","url":"https:\/\/ppulegal.com\/en\/actualidad-legal\/minem-aprueba-terminos-de-referencia-del-informe-ambiental-anual-de-las-actividades-electricas-2\/","name":"MINEM: Aprueba t\u00e9rminos de referencia del informe ambiental anual de las actividades el\u00e9ctricas - PPU Legal","isPartOf":{"@id":"https:\/\/ppulegal.com\/en\/#website"},"datePublished":"2022-09-28T15:13:46+00:00","dateModified":"2025-08-20T18:54:03+00:00","breadcrumb":{"@id":"https:\/\/ppulegal.com\/en\/actualidad-legal\/minem-aprueba-terminos-de-referencia-del-informe-ambiental-anual-de-las-actividades-electricas-2\/#breadcrumb"},"inLanguage":"en-US","potentialAction":[{"@type":"ReadAction","target":["https:\/\/ppulegal.com\/en\/actualidad-legal\/minem-aprueba-terminos-de-referencia-del-informe-ambiental-anual-de-las-actividades-electricas-2\/"]}]},{"@type":"BreadcrumbList","@id":"https:\/\/ppulegal.com\/en\/actualidad-legal\/minem-aprueba-terminos-de-referencia-del-informe-ambiental-anual-de-las-actividades-electricas-2\/#breadcrumb","itemListElement":[{"@type":"ListItem","position":1,"name":"Home","item":"https:\/\/ppulegal.com\/en\/"},{"@type":"ListItem","position":2,"name":"MINEM: Aprueba t\u00e9rminos de referencia del informe ambiental anual de las actividades el\u00e9ctricas"}]},{"@type":"WebSite","@id":"https:\/\/ppulegal.com\/en\/#website","url":"https:\/\/ppulegal.com\/en\/","name":"PPU Legal","description":"","potentialAction":[{"@type":"SearchAction","target":{"@type":"EntryPoint","urlTemplate":"https:\/\/ppulegal.com\/en\/?s={search_term_string}"},"query-input":{"@type":"PropertyValueSpecification","valueRequired":true,"valueName":"search_term_string"}}],"inLanguage":"en-US"}]}},"_links":{"self":[{"href":"https:\/\/ppulegal.com\/en\/wp-json\/wp\/v2\/article\/1735","targetHints":{"allow":["GET"]}}],"collection":[{"href":"https:\/\/ppulegal.com\/en\/wp-json\/wp\/v2\/article"}],"about":[{"href":"https:\/\/ppulegal.com\/en\/wp-json\/wp\/v2\/types\/article"}],"author":[{"embeddable":true,"href":"https:\/\/ppulegal.com\/en\/wp-json\/wp\/v2\/users\/2"}],"version-history":[{"count":2,"href":"https:\/\/ppulegal.com\/en\/wp-json\/wp\/v2\/article\/1735\/revisions"}],"predecessor-version":[{"id":23478,"href":"https:\/\/ppulegal.com\/en\/wp-json\/wp\/v2\/article\/1735\/revisions\/23478"}],"wp:attachment":[{"href":"https:\/\/ppulegal.com\/en\/wp-json\/wp\/v2\/media?parent=1735"}],"wp:term":[{"taxonomy":"tax_location","embeddable":true,"href":"https:\/\/ppulegal.com\/en\/wp-json\/wp\/v2\/tax_location?post=1735"},{"taxonomy":"article_type","embeddable":true,"href":"https:\/\/ppulegal.com\/en\/wp-json\/wp\/v2\/article_type?post=1735"}],"curies":[{"name":"wp","href":"https:\/\/api.w.org\/{rel}","templated":true}]}}