{"id":2063,"date":"2022-10-03T14:59:45","date_gmt":"2022-10-03T14:59:45","guid":{"rendered":"http:\/\/localhost:8080\/ppu-informa\/ex-director-general-de-aguas-seria-muy-valorable-que-la-convencion-se-abra-a-conocer-la-verdadera-realidad-del-agua-en-chile\/"},"modified":"2025-08-08T11:49:14","modified_gmt":"2025-08-08T15:49:14","slug":"ex-director-general-de-aguas-seria-muy-valorable-que-la-convencion-se-abra-a-conocer-la-verdadera-realidad-del-agua-en-chile","status":"publish","type":"article","link":"https:\/\/ppulegal.com\/en\/actualidad-legal\/ex-director-general-de-aguas-seria-muy-valorable-que-la-convencion-se-abra-a-conocer-la-verdadera-realidad-del-agua-en-chile\/","title":{"rendered":"Ex Director General de Aguas: \u201cSer\u00eda muy valorable que la Convenci\u00f3n se abra a conocer la verdadera realidad del agua en Chile\u201d"},"content":{"rendered":"<p>Ex Director General de Aguas: \u201cSer\u00eda muy valorable que la Convenci\u00f3n se abra a conocer la verdadera realidad del agua en Chile\u201d small Fuente: Abogados involucrados Publicaciones relacionadas      30<\/p>\n","protected":false},"excerpt":{"rendered":"<p>Mat\u00edas Desmadryl, abogado experto en temas h\u00eddricos, asegura que en la nueva Constituci\u00f3n debiera reconocerse \u201cla garant\u00eda y el deber del Estado de asegurar el derecho humano al agua\u201d. Adem\u00e1s dice&#8230;<\/p>\n","protected":false},"author":2,"menu_order":0,"template":"","meta":{"_acf_changed":false,"footnotes":""},"tax_location":[6],"article_type":[4],"class_list":["post-2063","article","type-article","status-publish","hentry","tax_location-chile","article_type-noticia"],"acf":[],"yoast_head":"<!-- This site is optimized with the Yoast SEO plugin v26.4 - https:\/\/yoast.com\/wordpress\/plugins\/seo\/ -->\n<title>Ex Director General de Aguas: \u201cSer\u00eda muy valorable que la Convenci\u00f3n se abra a conocer la verdadera realidad del agua en Chile\u201d - PPU Legal<\/title>\n<meta name=\"robots\" content=\"index, follow, max-snippet:-1, max-image-preview:large, max-video-preview:-1\" \/>\n<link rel=\"canonical\" href=\"https:\/\/ppulegal.com\/en\/actualidad-legal\/ex-director-general-de-aguas-seria-muy-valorable-que-la-convencion-se-abra-a-conocer-la-verdadera-realidad-del-agua-en-chile\/\" \/>\n<meta property=\"og:locale\" content=\"en_US\" \/>\n<meta property=\"og:type\" content=\"article\" \/>\n<meta property=\"og:title\" content=\"Ex Director General de Aguas: \u201cSer\u00eda muy valorable que la Convenci\u00f3n se abra a conocer la verdadera realidad del agua en Chile\u201d - PPU Legal\" \/>\n<meta property=\"og:description\" content=\"Mat\u00edas Desmadryl, abogado experto en temas h\u00eddricos, asegura que en la nueva Constituci\u00f3n debiera reconocerse \u201cla garant\u00eda y el deber del Estado de asegurar el derecho humano al agua\u201d. Adem\u00e1s dice...\" \/>\n<meta property=\"og:url\" content=\"https:\/\/ppulegal.com\/en\/actualidad-legal\/ex-director-general-de-aguas-seria-muy-valorable-que-la-convencion-se-abra-a-conocer-la-verdadera-realidad-del-agua-en-chile\/\" \/>\n<meta property=\"og:site_name\" content=\"PPU Legal\" \/>\n<meta property=\"article:modified_time\" content=\"2025-08-08T15:49:14+00:00\" \/>\n<meta name=\"twitter:card\" content=\"summary_large_image\" \/>\n<meta name=\"twitter:label1\" content=\"Est. reading time\" \/>\n\t<meta name=\"twitter:data1\" content=\"1 minute\" \/>\n<script type=\"application\/ld+json\" class=\"yoast-schema-graph\">{\"@context\":\"https:\/\/schema.org\",\"@graph\":[{\"@type\":\"WebPage\",\"@id\":\"https:\/\/ppulegal.com\/en\/actualidad-legal\/ex-director-general-de-aguas-seria-muy-valorable-que-la-convencion-se-abra-a-conocer-la-verdadera-realidad-del-agua-en-chile\/\",\"url\":\"https:\/\/ppulegal.com\/en\/actualidad-legal\/ex-director-general-de-aguas-seria-muy-valorable-que-la-convencion-se-abra-a-conocer-la-verdadera-realidad-del-agua-en-chile\/\",\"name\":\"Ex Director General de Aguas: \u201cSer\u00eda muy valorable que la Convenci\u00f3n se abra a conocer la verdadera realidad del agua en Chile\u201d - PPU Legal\",\"isPartOf\":{\"@id\":\"https:\/\/ppulegal.com\/en\/#website\"},\"datePublished\":\"2022-10-03T14:59:45+00:00\",\"dateModified\":\"2025-08-08T15:49:14+00:00\",\"breadcrumb\":{\"@id\":\"https:\/\/ppulegal.com\/en\/actualidad-legal\/ex-director-general-de-aguas-seria-muy-valorable-que-la-convencion-se-abra-a-conocer-la-verdadera-realidad-del-agua-en-chile\/#breadcrumb\"},\"inLanguage\":\"en-US\",\"potentialAction\":[{\"@type\":\"ReadAction\",\"target\":[\"https:\/\/ppulegal.com\/en\/actualidad-legal\/ex-director-general-de-aguas-seria-muy-valorable-que-la-convencion-se-abra-a-conocer-la-verdadera-realidad-del-agua-en-chile\/\"]}]},{\"@type\":\"BreadcrumbList\",\"@id\":\"https:\/\/ppulegal.com\/en\/actualidad-legal\/ex-director-general-de-aguas-seria-muy-valorable-que-la-convencion-se-abra-a-conocer-la-verdadera-realidad-del-agua-en-chile\/#breadcrumb\",\"itemListElement\":[{\"@type\":\"ListItem\",\"position\":1,\"name\":\"Home\",\"item\":\"https:\/\/ppulegal.com\/en\/\"},{\"@type\":\"ListItem\",\"position\":2,\"name\":\"Ex Director General de Aguas: \u201cSer\u00eda muy valorable que la Convenci\u00f3n se abra a conocer la verdadera realidad del agua en Chile\u201d\"}]},{\"@type\":\"WebSite\",\"@id\":\"https:\/\/ppulegal.com\/en\/#website\",\"url\":\"https:\/\/ppulegal.com\/en\/\",\"name\":\"PPU Legal\",\"description\":\"\",\"potentialAction\":[{\"@type\":\"SearchAction\",\"target\":{\"@type\":\"EntryPoint\",\"urlTemplate\":\"https:\/\/ppulegal.com\/en\/?s={search_term_string}\"},\"query-input\":{\"@type\":\"PropertyValueSpecification\",\"valueRequired\":true,\"valueName\":\"search_term_string\"}}],\"inLanguage\":\"en-US\"}]}<\/script>\n<!-- \/ Yoast SEO plugin. -->","yoast_head_json":{"title":"Ex Director General de Aguas: \u201cSer\u00eda muy valorable que la Convenci\u00f3n se abra a conocer la verdadera realidad del agua en Chile\u201d - PPU Legal","robots":{"index":"index","follow":"follow","max-snippet":"max-snippet:-1","max-image-preview":"max-image-preview:large","max-video-preview":"max-video-preview:-1"},"canonical":"https:\/\/ppulegal.com\/en\/actualidad-legal\/ex-director-general-de-aguas-seria-muy-valorable-que-la-convencion-se-abra-a-conocer-la-verdadera-realidad-del-agua-en-chile\/","og_locale":"en_US","og_type":"article","og_title":"Ex Director General de Aguas: \u201cSer\u00eda muy valorable que la Convenci\u00f3n se abra a conocer la verdadera realidad del agua en Chile\u201d - PPU Legal","og_description":"Mat\u00edas Desmadryl, abogado experto en temas h\u00eddricos, asegura que en la nueva Constituci\u00f3n debiera reconocerse \u201cla garant\u00eda y el deber del Estado de asegurar el derecho humano al agua\u201d. Adem\u00e1s dice...","og_url":"https:\/\/ppulegal.com\/en\/actualidad-legal\/ex-director-general-de-aguas-seria-muy-valorable-que-la-convencion-se-abra-a-conocer-la-verdadera-realidad-del-agua-en-chile\/","og_site_name":"PPU Legal","article_modified_time":"2025-08-08T15:49:14+00:00","twitter_card":"summary_large_image","twitter_misc":{"Est. reading time":"1 minute"},"schema":{"@context":"https:\/\/schema.org","@graph":[{"@type":"WebPage","@id":"https:\/\/ppulegal.com\/en\/actualidad-legal\/ex-director-general-de-aguas-seria-muy-valorable-que-la-convencion-se-abra-a-conocer-la-verdadera-realidad-del-agua-en-chile\/","url":"https:\/\/ppulegal.com\/en\/actualidad-legal\/ex-director-general-de-aguas-seria-muy-valorable-que-la-convencion-se-abra-a-conocer-la-verdadera-realidad-del-agua-en-chile\/","name":"Ex Director General de Aguas: \u201cSer\u00eda muy valorable que la Convenci\u00f3n se abra a conocer la verdadera realidad del agua en Chile\u201d - PPU Legal","isPartOf":{"@id":"https:\/\/ppulegal.com\/en\/#website"},"datePublished":"2022-10-03T14:59:45+00:00","dateModified":"2025-08-08T15:49:14+00:00","breadcrumb":{"@id":"https:\/\/ppulegal.com\/en\/actualidad-legal\/ex-director-general-de-aguas-seria-muy-valorable-que-la-convencion-se-abra-a-conocer-la-verdadera-realidad-del-agua-en-chile\/#breadcrumb"},"inLanguage":"en-US","potentialAction":[{"@type":"ReadAction","target":["https:\/\/ppulegal.com\/en\/actualidad-legal\/ex-director-general-de-aguas-seria-muy-valorable-que-la-convencion-se-abra-a-conocer-la-verdadera-realidad-del-agua-en-chile\/"]}]},{"@type":"BreadcrumbList","@id":"https:\/\/ppulegal.com\/en\/actualidad-legal\/ex-director-general-de-aguas-seria-muy-valorable-que-la-convencion-se-abra-a-conocer-la-verdadera-realidad-del-agua-en-chile\/#breadcrumb","itemListElement":[{"@type":"ListItem","position":1,"name":"Home","item":"https:\/\/ppulegal.com\/en\/"},{"@type":"ListItem","position":2,"name":"Ex Director General de Aguas: \u201cSer\u00eda muy valorable que la Convenci\u00f3n se abra a conocer la verdadera realidad del agua en Chile\u201d"}]},{"@type":"WebSite","@id":"https:\/\/ppulegal.com\/en\/#website","url":"https:\/\/ppulegal.com\/en\/","name":"PPU Legal","description":"","potentialAction":[{"@type":"SearchAction","target":{"@type":"EntryPoint","urlTemplate":"https:\/\/ppulegal.com\/en\/?s={search_term_string}"},"query-input":{"@type":"PropertyValueSpecification","valueRequired":true,"valueName":"search_term_string"}}],"inLanguage":"en-US"}]}},"_links":{"self":[{"href":"https:\/\/ppulegal.com\/en\/wp-json\/wp\/v2\/article\/2063","targetHints":{"allow":["GET"]}}],"collection":[{"href":"https:\/\/ppulegal.com\/en\/wp-json\/wp\/v2\/article"}],"about":[{"href":"https:\/\/ppulegal.com\/en\/wp-json\/wp\/v2\/types\/article"}],"author":[{"embeddable":true,"href":"https:\/\/ppulegal.com\/en\/wp-json\/wp\/v2\/users\/2"}],"version-history":[{"count":4,"href":"https:\/\/ppulegal.com\/en\/wp-json\/wp\/v2\/article\/2063\/revisions"}],"predecessor-version":[{"id":21117,"href":"https:\/\/ppulegal.com\/en\/wp-json\/wp\/v2\/article\/2063\/revisions\/21117"}],"wp:attachment":[{"href":"https:\/\/ppulegal.com\/en\/wp-json\/wp\/v2\/media?parent=2063"}],"wp:term":[{"taxonomy":"tax_location","embeddable":true,"href":"https:\/\/ppulegal.com\/en\/wp-json\/wp\/v2\/tax_location?post=2063"},{"taxonomy":"article_type","embeddable":true,"href":"https:\/\/ppulegal.com\/en\/wp-json\/wp\/v2\/article_type?post=2063"}],"curies":[{"name":"wp","href":"https:\/\/api.w.org\/{rel}","templated":true}]}}