{"id":2192,"date":"2022-10-04T14:12:58","date_gmt":"2022-10-04T14:12:58","guid":{"rendered":"http:\/\/localhost:8080\/ppu-informa\/cms-ecija-ppu-y-tanoira-debaten-acerca-de-los-desafios-legales-del-derecho-laboral-en-iberoamerica-lider-legal\/"},"modified":"2025-08-14T16:27:23","modified_gmt":"2025-08-14T20:27:23","slug":"cms-ecija-ppu-y-tanoira-debaten-acerca-de-los-desafios-legales-del-derecho-laboral-en-iberoamerica-lider-legal","status":"publish","type":"article","link":"https:\/\/ppulegal.com\/en\/actualidad-legal\/cms-ecija-ppu-y-tanoira-debaten-acerca-de-los-desafios-legales-del-derecho-laboral-en-iberoamerica-lider-legal\/","title":{"rendered":"CMS, ECIJA, PPU y Tanoira debaten acerca de los desaf\u00edos legales del Derecho Laboral en Iberoam\u00e9rica \u2013 L\u00edder Legal"},"content":{"rendered":"<p>CMS, ECIJA, PPU y Tanoira debaten acerca de los desaf\u00edos legales del Derecho Laboral en Iberoam\u00e9rica \u2013 L\u00edder Legal small Fuente: Abogados involucrados Publicaciones relacionadas     <\/p>\n","protected":false},"excerpt":{"rendered":"<p>A un a\u00f1o de la publicaci\u00f3n del trabajo\u00a0Derecho Laboral en Iberoam\u00e9rica: perfectible, sobrerregulado y proteccionista,\u00a0a prop\u00f3sito del\u00a0D\u00eda Internacional del Trabajo, repasamos, en este 2022, con otros&#8230;<\/p>\n","protected":false},"author":2,"menu_order":0,"template":"","meta":{"_acf_changed":false,"footnotes":""},"tax_location":[6],"article_type":[4],"class_list":["post-2192","article","type-article","status-publish","hentry","tax_location-chile","article_type-noticia"],"acf":[],"yoast_head":"<!-- This site is optimized with the Yoast SEO plugin v26.4 - https:\/\/yoast.com\/wordpress\/plugins\/seo\/ -->\n<title>CMS, ECIJA, PPU y Tanoira debaten acerca de los desaf\u00edos legales del Derecho Laboral en Iberoam\u00e9rica \u2013 L\u00edder Legal - PPU Legal<\/title>\n<meta name=\"robots\" content=\"index, follow, max-snippet:-1, max-image-preview:large, max-video-preview:-1\" \/>\n<link rel=\"canonical\" href=\"https:\/\/ppulegal.com\/en\/actualidad-legal\/cms-ecija-ppu-y-tanoira-debaten-acerca-de-los-desafios-legales-del-derecho-laboral-en-iberoamerica-lider-legal\/\" \/>\n<meta property=\"og:locale\" content=\"en_US\" \/>\n<meta property=\"og:type\" content=\"article\" \/>\n<meta property=\"og:title\" content=\"CMS, ECIJA, PPU y Tanoira debaten acerca de los desaf\u00edos legales del Derecho Laboral en Iberoam\u00e9rica \u2013 L\u00edder Legal - PPU Legal\" \/>\n<meta property=\"og:description\" content=\"A un a\u00f1o de la publicaci\u00f3n del trabajo\u00a0Derecho Laboral en Iberoam\u00e9rica: perfectible, sobrerregulado y proteccionista,\u00a0a prop\u00f3sito del\u00a0D\u00eda Internacional del Trabajo, repasamos, en este 2022, con otros...\" \/>\n<meta property=\"og:url\" content=\"https:\/\/ppulegal.com\/en\/actualidad-legal\/cms-ecija-ppu-y-tanoira-debaten-acerca-de-los-desafios-legales-del-derecho-laboral-en-iberoamerica-lider-legal\/\" \/>\n<meta property=\"og:site_name\" content=\"PPU Legal\" \/>\n<meta property=\"article:modified_time\" content=\"2025-08-14T20:27:23+00:00\" \/>\n<meta name=\"twitter:card\" content=\"summary_large_image\" \/>\n<meta name=\"twitter:label1\" content=\"Est. reading time\" \/>\n\t<meta name=\"twitter:data1\" content=\"16 minutes\" \/>\n<script type=\"application\/ld+json\" class=\"yoast-schema-graph\">{\"@context\":\"https:\/\/schema.org\",\"@graph\":[{\"@type\":\"WebPage\",\"@id\":\"https:\/\/ppulegal.com\/en\/actualidad-legal\/cms-ecija-ppu-y-tanoira-debaten-acerca-de-los-desafios-legales-del-derecho-laboral-en-iberoamerica-lider-legal\/\",\"url\":\"https:\/\/ppulegal.com\/en\/actualidad-legal\/cms-ecija-ppu-y-tanoira-debaten-acerca-de-los-desafios-legales-del-derecho-laboral-en-iberoamerica-lider-legal\/\",\"name\":\"CMS, ECIJA, PPU y Tanoira debaten acerca de los desaf\u00edos legales del Derecho Laboral en Iberoam\u00e9rica \u2013 L\u00edder Legal - PPU Legal\",\"isPartOf\":{\"@id\":\"https:\/\/ppulegal.com\/en\/#website\"},\"datePublished\":\"2022-10-04T14:12:58+00:00\",\"dateModified\":\"2025-08-14T20:27:23+00:00\",\"breadcrumb\":{\"@id\":\"https:\/\/ppulegal.com\/en\/actualidad-legal\/cms-ecija-ppu-y-tanoira-debaten-acerca-de-los-desafios-legales-del-derecho-laboral-en-iberoamerica-lider-legal\/#breadcrumb\"},\"inLanguage\":\"en-US\",\"potentialAction\":[{\"@type\":\"ReadAction\",\"target\":[\"https:\/\/ppulegal.com\/en\/actualidad-legal\/cms-ecija-ppu-y-tanoira-debaten-acerca-de-los-desafios-legales-del-derecho-laboral-en-iberoamerica-lider-legal\/\"]}]},{\"@type\":\"BreadcrumbList\",\"@id\":\"https:\/\/ppulegal.com\/en\/actualidad-legal\/cms-ecija-ppu-y-tanoira-debaten-acerca-de-los-desafios-legales-del-derecho-laboral-en-iberoamerica-lider-legal\/#breadcrumb\",\"itemListElement\":[{\"@type\":\"ListItem\",\"position\":1,\"name\":\"Home\",\"item\":\"https:\/\/ppulegal.com\/en\/\"},{\"@type\":\"ListItem\",\"position\":2,\"name\":\"CMS, ECIJA, PPU y Tanoira debaten acerca de los desaf\u00edos legales del Derecho Laboral en Iberoam\u00e9rica \u2013 L\u00edder Legal\"}]},{\"@type\":\"WebSite\",\"@id\":\"https:\/\/ppulegal.com\/en\/#website\",\"url\":\"https:\/\/ppulegal.com\/en\/\",\"name\":\"PPU Legal\",\"description\":\"\",\"potentialAction\":[{\"@type\":\"SearchAction\",\"target\":{\"@type\":\"EntryPoint\",\"urlTemplate\":\"https:\/\/ppulegal.com\/en\/?s={search_term_string}\"},\"query-input\":{\"@type\":\"PropertyValueSpecification\",\"valueRequired\":true,\"valueName\":\"search_term_string\"}}],\"inLanguage\":\"en-US\"}]}<\/script>\n<!-- \/ Yoast SEO plugin. -->","yoast_head_json":{"title":"CMS, ECIJA, PPU y Tanoira debaten acerca de los desaf\u00edos legales del Derecho Laboral en Iberoam\u00e9rica \u2013 L\u00edder Legal - PPU Legal","robots":{"index":"index","follow":"follow","max-snippet":"max-snippet:-1","max-image-preview":"max-image-preview:large","max-video-preview":"max-video-preview:-1"},"canonical":"https:\/\/ppulegal.com\/en\/actualidad-legal\/cms-ecija-ppu-y-tanoira-debaten-acerca-de-los-desafios-legales-del-derecho-laboral-en-iberoamerica-lider-legal\/","og_locale":"en_US","og_type":"article","og_title":"CMS, ECIJA, PPU y Tanoira debaten acerca de los desaf\u00edos legales del Derecho Laboral en Iberoam\u00e9rica \u2013 L\u00edder Legal - PPU Legal","og_description":"A un a\u00f1o de la publicaci\u00f3n del trabajo\u00a0Derecho Laboral en Iberoam\u00e9rica: perfectible, sobrerregulado y proteccionista,\u00a0a prop\u00f3sito del\u00a0D\u00eda Internacional del Trabajo, repasamos, en este 2022, con otros...","og_url":"https:\/\/ppulegal.com\/en\/actualidad-legal\/cms-ecija-ppu-y-tanoira-debaten-acerca-de-los-desafios-legales-del-derecho-laboral-en-iberoamerica-lider-legal\/","og_site_name":"PPU Legal","article_modified_time":"2025-08-14T20:27:23+00:00","twitter_card":"summary_large_image","twitter_misc":{"Est. reading time":"16 minutes"},"schema":{"@context":"https:\/\/schema.org","@graph":[{"@type":"WebPage","@id":"https:\/\/ppulegal.com\/en\/actualidad-legal\/cms-ecija-ppu-y-tanoira-debaten-acerca-de-los-desafios-legales-del-derecho-laboral-en-iberoamerica-lider-legal\/","url":"https:\/\/ppulegal.com\/en\/actualidad-legal\/cms-ecija-ppu-y-tanoira-debaten-acerca-de-los-desafios-legales-del-derecho-laboral-en-iberoamerica-lider-legal\/","name":"CMS, ECIJA, PPU y Tanoira debaten acerca de los desaf\u00edos legales del Derecho Laboral en Iberoam\u00e9rica \u2013 L\u00edder Legal - PPU Legal","isPartOf":{"@id":"https:\/\/ppulegal.com\/en\/#website"},"datePublished":"2022-10-04T14:12:58+00:00","dateModified":"2025-08-14T20:27:23+00:00","breadcrumb":{"@id":"https:\/\/ppulegal.com\/en\/actualidad-legal\/cms-ecija-ppu-y-tanoira-debaten-acerca-de-los-desafios-legales-del-derecho-laboral-en-iberoamerica-lider-legal\/#breadcrumb"},"inLanguage":"en-US","potentialAction":[{"@type":"ReadAction","target":["https:\/\/ppulegal.com\/en\/actualidad-legal\/cms-ecija-ppu-y-tanoira-debaten-acerca-de-los-desafios-legales-del-derecho-laboral-en-iberoamerica-lider-legal\/"]}]},{"@type":"BreadcrumbList","@id":"https:\/\/ppulegal.com\/en\/actualidad-legal\/cms-ecija-ppu-y-tanoira-debaten-acerca-de-los-desafios-legales-del-derecho-laboral-en-iberoamerica-lider-legal\/#breadcrumb","itemListElement":[{"@type":"ListItem","position":1,"name":"Home","item":"https:\/\/ppulegal.com\/en\/"},{"@type":"ListItem","position":2,"name":"CMS, ECIJA, PPU y Tanoira debaten acerca de los desaf\u00edos legales del Derecho Laboral en Iberoam\u00e9rica \u2013 L\u00edder Legal"}]},{"@type":"WebSite","@id":"https:\/\/ppulegal.com\/en\/#website","url":"https:\/\/ppulegal.com\/en\/","name":"PPU Legal","description":"","potentialAction":[{"@type":"SearchAction","target":{"@type":"EntryPoint","urlTemplate":"https:\/\/ppulegal.com\/en\/?s={search_term_string}"},"query-input":{"@type":"PropertyValueSpecification","valueRequired":true,"valueName":"search_term_string"}}],"inLanguage":"en-US"}]}},"_links":{"self":[{"href":"https:\/\/ppulegal.com\/en\/wp-json\/wp\/v2\/article\/2192","targetHints":{"allow":["GET"]}}],"collection":[{"href":"https:\/\/ppulegal.com\/en\/wp-json\/wp\/v2\/article"}],"about":[{"href":"https:\/\/ppulegal.com\/en\/wp-json\/wp\/v2\/types\/article"}],"author":[{"embeddable":true,"href":"https:\/\/ppulegal.com\/en\/wp-json\/wp\/v2\/users\/2"}],"version-history":[{"count":2,"href":"https:\/\/ppulegal.com\/en\/wp-json\/wp\/v2\/article\/2192\/revisions"}],"predecessor-version":[{"id":22444,"href":"https:\/\/ppulegal.com\/en\/wp-json\/wp\/v2\/article\/2192\/revisions\/22444"}],"wp:attachment":[{"href":"https:\/\/ppulegal.com\/en\/wp-json\/wp\/v2\/media?parent=2192"}],"wp:term":[{"taxonomy":"tax_location","embeddable":true,"href":"https:\/\/ppulegal.com\/en\/wp-json\/wp\/v2\/tax_location?post=2192"},{"taxonomy":"article_type","embeddable":true,"href":"https:\/\/ppulegal.com\/en\/wp-json\/wp\/v2\/article_type?post=2192"}],"curies":[{"name":"wp","href":"https:\/\/api.w.org\/{rel}","templated":true}]}}