{"id":2635,"date":"2023-01-18T17:42:04","date_gmt":"2023-01-18T17:42:04","guid":{"rendered":"http:\/\/localhost:8080\/ppu-informa\/aprueban-x-pleno-jurisdiccional-supremo-laboral-y-previsional-de-la-corte-suprema-de-justicia-de-la-republica\/"},"modified":"2025-08-04T11:12:32","modified_gmt":"2025-08-04T15:12:32","slug":"aprueban-x-pleno-jurisdiccional-supremo-laboral-y-previsional-de-la-corte-suprema-de-justicia-de-la-republica","status":"publish","type":"article","link":"https:\/\/ppulegal.com\/en\/actualidad-legal\/aprueban-x-pleno-jurisdiccional-supremo-laboral-y-previsional-de-la-corte-suprema-de-justicia-de-la-republica\/","title":{"rendered":"Aprueban X Pleno Jurisdiccional Supremo Laboral y Previsional de la Corte Suprema de Justicia de la Rep\u00fablica"},"content":{"rendered":"<p>Aprueban X Pleno Jurisdiccional Supremo Laboral y Previsional de la Corte Suprema de Justicia de la Rep\u00fablica small Fuente: Abogados involucrados Publicaciones relacionadas      60<\/p>\n","protected":false},"excerpt":{"rendered":"<p>Con fecha 18 de enero del presente a\u00f1o, se public\u00f3 en el Diario Oficial \u201cEl Peruano\u201d la Separata Especial del X Pleno Jurisdiccional Supremo Laboral y Previsional de la Corte Suprema de Justicia de la Rep\u00fablica. Si bien no constituye un acuerdo vinculante \u2013es decir, de obligatoria observancia\u2013 para los jueces laborales, ciertamente refleja la posici\u00f3n de la Corte Suprema sobre el particular y la tendencia de las decisiones judiciales a la fecha. <\/p>\n","protected":false},"author":2,"menu_order":0,"template":"","meta":{"_acf_changed":false,"footnotes":""},"tax_location":[8],"article_type":[3],"class_list":["post-2635","article","type-article","status-publish","hentry","tax_location-peru","article_type-newsflash"],"acf":[],"yoast_head":"<!-- This site is optimized with the Yoast SEO plugin v26.4 - https:\/\/yoast.com\/wordpress\/plugins\/seo\/ -->\n<title>Aprueban X Pleno Jurisdiccional Supremo Laboral y Previsional de la Corte Suprema de Justicia de la Rep\u00fablica - PPU Legal<\/title>\n<meta name=\"robots\" content=\"index, follow, max-snippet:-1, max-image-preview:large, max-video-preview:-1\" \/>\n<link rel=\"canonical\" href=\"https:\/\/ppulegal.com\/en\/actualidad-legal\/aprueban-x-pleno-jurisdiccional-supremo-laboral-y-previsional-de-la-corte-suprema-de-justicia-de-la-republica\/\" \/>\n<meta property=\"og:locale\" content=\"en_US\" \/>\n<meta property=\"og:type\" content=\"article\" \/>\n<meta property=\"og:title\" content=\"Aprueban X Pleno Jurisdiccional Supremo Laboral y Previsional de la Corte Suprema de Justicia de la Rep\u00fablica - PPU Legal\" \/>\n<meta property=\"og:description\" content=\"Con fecha 18 de enero del presente a\u00f1o, se public\u00f3 en el Diario Oficial \u201cEl Peruano\u201d la Separata Especial del X Pleno Jurisdiccional Supremo Laboral y Previsional de la Corte Suprema de Justicia de la Rep\u00fablica. Si bien no constituye un acuerdo vinculante \u2013es decir, de obligatoria observancia\u2013 para los jueces laborales, ciertamente refleja la posici\u00f3n de la Corte Suprema sobre el particular y la tendencia de las decisiones judiciales a la fecha.\" \/>\n<meta property=\"og:url\" content=\"https:\/\/ppulegal.com\/en\/actualidad-legal\/aprueban-x-pleno-jurisdiccional-supremo-laboral-y-previsional-de-la-corte-suprema-de-justicia-de-la-republica\/\" \/>\n<meta property=\"og:site_name\" content=\"PPU Legal\" \/>\n<meta property=\"article:modified_time\" content=\"2025-08-04T15:12:32+00:00\" \/>\n<meta name=\"twitter:card\" content=\"summary_large_image\" \/>\n<meta name=\"twitter:label1\" content=\"Est. reading time\" \/>\n\t<meta name=\"twitter:data1\" content=\"3 minutes\" \/>\n<script type=\"application\/ld+json\" class=\"yoast-schema-graph\">{\"@context\":\"https:\/\/schema.org\",\"@graph\":[{\"@type\":\"WebPage\",\"@id\":\"https:\/\/ppulegal.com\/en\/actualidad-legal\/aprueban-x-pleno-jurisdiccional-supremo-laboral-y-previsional-de-la-corte-suprema-de-justicia-de-la-republica\/\",\"url\":\"https:\/\/ppulegal.com\/en\/actualidad-legal\/aprueban-x-pleno-jurisdiccional-supremo-laboral-y-previsional-de-la-corte-suprema-de-justicia-de-la-republica\/\",\"name\":\"Aprueban X Pleno Jurisdiccional Supremo Laboral y Previsional de la Corte Suprema de Justicia de la Rep\u00fablica - PPU Legal\",\"isPartOf\":{\"@id\":\"https:\/\/ppulegal.com\/en\/#website\"},\"datePublished\":\"2023-01-18T17:42:04+00:00\",\"dateModified\":\"2025-08-04T15:12:32+00:00\",\"breadcrumb\":{\"@id\":\"https:\/\/ppulegal.com\/en\/actualidad-legal\/aprueban-x-pleno-jurisdiccional-supremo-laboral-y-previsional-de-la-corte-suprema-de-justicia-de-la-republica\/#breadcrumb\"},\"inLanguage\":\"en-US\",\"potentialAction\":[{\"@type\":\"ReadAction\",\"target\":[\"https:\/\/ppulegal.com\/en\/actualidad-legal\/aprueban-x-pleno-jurisdiccional-supremo-laboral-y-previsional-de-la-corte-suprema-de-justicia-de-la-republica\/\"]}]},{\"@type\":\"BreadcrumbList\",\"@id\":\"https:\/\/ppulegal.com\/en\/actualidad-legal\/aprueban-x-pleno-jurisdiccional-supremo-laboral-y-previsional-de-la-corte-suprema-de-justicia-de-la-republica\/#breadcrumb\",\"itemListElement\":[{\"@type\":\"ListItem\",\"position\":1,\"name\":\"Home\",\"item\":\"https:\/\/ppulegal.com\/en\/\"},{\"@type\":\"ListItem\",\"position\":2,\"name\":\"Aprueban X Pleno Jurisdiccional Supremo Laboral y Previsional de la Corte Suprema de Justicia de la Rep\u00fablica\"}]},{\"@type\":\"WebSite\",\"@id\":\"https:\/\/ppulegal.com\/en\/#website\",\"url\":\"https:\/\/ppulegal.com\/en\/\",\"name\":\"PPU Legal\",\"description\":\"\",\"potentialAction\":[{\"@type\":\"SearchAction\",\"target\":{\"@type\":\"EntryPoint\",\"urlTemplate\":\"https:\/\/ppulegal.com\/en\/?s={search_term_string}\"},\"query-input\":{\"@type\":\"PropertyValueSpecification\",\"valueRequired\":true,\"valueName\":\"search_term_string\"}}],\"inLanguage\":\"en-US\"}]}<\/script>\n<!-- \/ Yoast SEO plugin. -->","yoast_head_json":{"title":"Aprueban X Pleno Jurisdiccional Supremo Laboral y Previsional de la Corte Suprema de Justicia de la Rep\u00fablica - PPU Legal","robots":{"index":"index","follow":"follow","max-snippet":"max-snippet:-1","max-image-preview":"max-image-preview:large","max-video-preview":"max-video-preview:-1"},"canonical":"https:\/\/ppulegal.com\/en\/actualidad-legal\/aprueban-x-pleno-jurisdiccional-supremo-laboral-y-previsional-de-la-corte-suprema-de-justicia-de-la-republica\/","og_locale":"en_US","og_type":"article","og_title":"Aprueban X Pleno Jurisdiccional Supremo Laboral y Previsional de la Corte Suprema de Justicia de la Rep\u00fablica - PPU Legal","og_description":"Con fecha 18 de enero del presente a\u00f1o, se public\u00f3 en el Diario Oficial \u201cEl Peruano\u201d la Separata Especial del X Pleno Jurisdiccional Supremo Laboral y Previsional de la Corte Suprema de Justicia de la Rep\u00fablica. Si bien no constituye un acuerdo vinculante \u2013es decir, de obligatoria observancia\u2013 para los jueces laborales, ciertamente refleja la posici\u00f3n de la Corte Suprema sobre el particular y la tendencia de las decisiones judiciales a la fecha.","og_url":"https:\/\/ppulegal.com\/en\/actualidad-legal\/aprueban-x-pleno-jurisdiccional-supremo-laboral-y-previsional-de-la-corte-suprema-de-justicia-de-la-republica\/","og_site_name":"PPU Legal","article_modified_time":"2025-08-04T15:12:32+00:00","twitter_card":"summary_large_image","twitter_misc":{"Est. reading time":"3 minutes"},"schema":{"@context":"https:\/\/schema.org","@graph":[{"@type":"WebPage","@id":"https:\/\/ppulegal.com\/en\/actualidad-legal\/aprueban-x-pleno-jurisdiccional-supremo-laboral-y-previsional-de-la-corte-suprema-de-justicia-de-la-republica\/","url":"https:\/\/ppulegal.com\/en\/actualidad-legal\/aprueban-x-pleno-jurisdiccional-supremo-laboral-y-previsional-de-la-corte-suprema-de-justicia-de-la-republica\/","name":"Aprueban X Pleno Jurisdiccional Supremo Laboral y Previsional de la Corte Suprema de Justicia de la Rep\u00fablica - PPU Legal","isPartOf":{"@id":"https:\/\/ppulegal.com\/en\/#website"},"datePublished":"2023-01-18T17:42:04+00:00","dateModified":"2025-08-04T15:12:32+00:00","breadcrumb":{"@id":"https:\/\/ppulegal.com\/en\/actualidad-legal\/aprueban-x-pleno-jurisdiccional-supremo-laboral-y-previsional-de-la-corte-suprema-de-justicia-de-la-republica\/#breadcrumb"},"inLanguage":"en-US","potentialAction":[{"@type":"ReadAction","target":["https:\/\/ppulegal.com\/en\/actualidad-legal\/aprueban-x-pleno-jurisdiccional-supremo-laboral-y-previsional-de-la-corte-suprema-de-justicia-de-la-republica\/"]}]},{"@type":"BreadcrumbList","@id":"https:\/\/ppulegal.com\/en\/actualidad-legal\/aprueban-x-pleno-jurisdiccional-supremo-laboral-y-previsional-de-la-corte-suprema-de-justicia-de-la-republica\/#breadcrumb","itemListElement":[{"@type":"ListItem","position":1,"name":"Home","item":"https:\/\/ppulegal.com\/en\/"},{"@type":"ListItem","position":2,"name":"Aprueban X Pleno Jurisdiccional Supremo Laboral y Previsional de la Corte Suprema de Justicia de la Rep\u00fablica"}]},{"@type":"WebSite","@id":"https:\/\/ppulegal.com\/en\/#website","url":"https:\/\/ppulegal.com\/en\/","name":"PPU Legal","description":"","potentialAction":[{"@type":"SearchAction","target":{"@type":"EntryPoint","urlTemplate":"https:\/\/ppulegal.com\/en\/?s={search_term_string}"},"query-input":{"@type":"PropertyValueSpecification","valueRequired":true,"valueName":"search_term_string"}}],"inLanguage":"en-US"}]}},"_links":{"self":[{"href":"https:\/\/ppulegal.com\/en\/wp-json\/wp\/v2\/article\/2635","targetHints":{"allow":["GET"]}}],"collection":[{"href":"https:\/\/ppulegal.com\/en\/wp-json\/wp\/v2\/article"}],"about":[{"href":"https:\/\/ppulegal.com\/en\/wp-json\/wp\/v2\/types\/article"}],"author":[{"embeddable":true,"href":"https:\/\/ppulegal.com\/en\/wp-json\/wp\/v2\/users\/2"}],"version-history":[{"count":4,"href":"https:\/\/ppulegal.com\/en\/wp-json\/wp\/v2\/article\/2635\/revisions"}],"predecessor-version":[{"id":19512,"href":"https:\/\/ppulegal.com\/en\/wp-json\/wp\/v2\/article\/2635\/revisions\/19512"}],"wp:attachment":[{"href":"https:\/\/ppulegal.com\/en\/wp-json\/wp\/v2\/media?parent=2635"}],"wp:term":[{"taxonomy":"tax_location","embeddable":true,"href":"https:\/\/ppulegal.com\/en\/wp-json\/wp\/v2\/tax_location?post=2635"},{"taxonomy":"article_type","embeddable":true,"href":"https:\/\/ppulegal.com\/en\/wp-json\/wp\/v2\/article_type?post=2635"}],"curies":[{"name":"wp","href":"https:\/\/api.w.org\/{rel}","templated":true}]}}