{"id":2902,"date":"2023-06-14T09:46:52","date_gmt":"2023-06-14T14:46:52","guid":{"rendered":"http:\/\/localhost:8080\/ppu-informa\/acuerdo-gobierno-a-gobierno-para-chavimochic-iii-se-firmaria-el-proximo-ano-que-dudas-deja-el-proyecto\/"},"modified":"2023-06-14T09:46:52","modified_gmt":"2023-06-14T14:46:52","slug":"acuerdo-gobierno-a-gobierno-para-chavimochic-iii-se-firmaria-el-proximo-ano-que-dudas-deja-el-proyecto","status":"publish","type":"article","link":"https:\/\/ppulegal.com\/en\/actualidad-legal\/acuerdo-gobierno-a-gobierno-para-chavimochic-iii-se-firmaria-el-proximo-ano-que-dudas-deja-el-proyecto\/","title":{"rendered":"Acuerdo Gobierno a Gobierno para Chavimochic III se firmar\u00eda el pr\u00f3ximo a\u00f1o: \u00bfqu\u00e9 dudas deja el proyecto?"},"content":{"rendered":"<p>Anuncio fue realizado por la ministra de Desarrollo Agrario y Riego, Nelly Paredes. Proyecto no incluye las obras del canal madre, que ser\u00e1n construidas por el Gobierno Regional de La Libertad.<\/p>\n<p><img decoding=\"async\" src=\"https:\/\/elcomercio.pe\/resizer\/087M5ybzsNVy9ESHcsq1MMYitbw=\/980x528\/smart\/filters:format(jpeg):quality(75)\/cloudfront-us-east-1.images.arcpublishing.com\/elcomercio\/GDEVS5OURFGMTPRTXTOTUQ5CUY.jpg\" alt=\"Obras de Chavimochic III est\u00e1n paralizadas desde el 2016. (Foto; archivo)\" \/><br \/>\nObras de Chavimochic III est\u00e1n paralizadas desde el 2016. (Foto; archivo)\/ ROLLY REYNA\u00a0<span style=\"color: #ffffff;\">Gobierno<\/span><\/p>\n<p>El Ministerio de Relaciones Exteriores y el Ministerio de Desarrollo Agrario y Riego (Midagri) lanzaron la convocatoria internacional para las obras de Chavimochic III. El proyecto, que se adjudicar\u00e1 a trav\u00e9s de un acuerdo Gobierno a Gobierno (G2G), comprende la elaboraci\u00f3n del expediente t\u00e9cnico del saldo de obra y la finalizaci\u00f3n de la construcci\u00f3n de la presa Palo Redondo, del sif\u00f3n Vir\u00fa y otras obras conexas.<\/p>\n<p>La ministra de Desarrollo Agrario y Riego, Nelly Paredes, anunci\u00f3 que el contrato del G2G estar\u00eda firmado el pr\u00f3ximo a\u00f1o.<span style=\"color: #ffffff;\">Gobierno<\/span><\/p>\n<p>\u201cEl modelo G2G nos permitir\u00e1 trasladar el \u2018know how\u2019 y nos permitir\u00e1 el otro a\u00f1o tener un contrato firmado\u201d, se\u00f1al\u00f3 en la conferencia de prensa en la que se present\u00f3 la licitaci\u00f3n.<\/p>\n<p>Dentro del G2G no se contemplan las obras del canal madre que trasladar\u00e1 el agua de regad\u00edo entre las tres provincias en las que se ubicar\u00e1 el proyecto. A trav\u00e9s de un comunicado dirigido a El Comercio, el Midagri indic\u00f3 que el Gobierno Regional (Gore) de La Libertad se encargar\u00e1 de esta etapa clave del proyecto.<\/p>\n<p>\u201cLa propuesta de consenso entre Midagri y el Gore de La Libertad es que este \u00faltimo se ocupe de la ejecuci\u00f3n del canal madre. Esta semana el Consejo Regional estar\u00eda aprobando la adenda [que trasladar\u00e1 la titularidad del proyecto]. [&#8230;] La ejecuci\u00f3n de la obra del canal ser\u00e1 a trav\u00e9s de la modalidad de Asociaci\u00f3n P\u00fablico-Privada (APP)\u201d, afirm\u00f3 la entidad.<\/p>\n<p>Adem\u00e1s, el Midagri explic\u00f3 que los terrenos del canal est\u00e1n en posesi\u00f3n del Gore y que una vez se apruebe la adenda \u201cdeber\u00e1n ser saneados\u201d.<\/p>\n<p>Cabe recordar que el contrato original del proyecto caduc\u00f3 a finales de a\u00f1o pasado luego de que se resolviera un arbitraje interpuesto por el anterior concesionario, el Consorcio Chavimochic, integrado por OEC (ex Odebrecht) y Aenza (ex Gra\u00f1a y Montero). Entre otras cosas, la empresa demand\u00f3 al Estado por la demora del Gore de La Libertad en la entrega de terrenos del proyecto. La Comisi\u00f3n de las Naciones Unidas para el Derecho Mercantil Internacional (CNUDMI) fall\u00f3 a favor de la demanda, pero tambi\u00e9n reconoci\u00f3 incumplimientos contractuales del concesionario. Tras la culminaci\u00f3n del contrato, las obras regresaron al control del Gobierno.<\/p>\n<p>Durante la conferencia tampoco se defini\u00f3 c\u00f3mo se realizar\u00e1 la operaci\u00f3n y mantenimiento del proyecto.<\/p>\n<p><strong>Reacciones<\/strong><br \/>\nPara Camilo Carrillo, director ejecutivo de Infraestructura en EY, la entidad fue poco clara con la presentaci\u00f3n del proyecto, pues no brind\u00f3 fechas concretas sobre las distintas fases del proceso.<\/p>\n<p>\u201cMe hubiera gustado m\u00e1s concretar fechas, plazos, cronogramas. Tambi\u00e9n me hubiera gustado que sea m\u00e1s clara la ministra respecto a qu\u00e9 cosa se va a licitar. No se especific\u00f3 en ning\u00fan momento si el proyecto no incluir\u00eda el canal madre, lo que gener\u00f3 confusi\u00f3n\u201d, cuestion\u00f3.<\/p>\n<p>Asimismo, critic\u00f3 la decisi\u00f3n de que el canal madre sea realizado por el Gore de La Libertad, ya que esta entidad ya tuvo el control del proyecto anteriormente a trav\u00e9s de una APP y no lo pudo gestionar adecuadamente.<\/p>\n<p>\u201cDada la experiencia del Gore, que act\u00faa a trav\u00e9s del Proyecto Especial Chavimochic, dudo que pueda lanzar un proyecto de APP y que halle actores interesados. Se me hace m\u00e1s l\u00f3gico que lo haga el Midagri, el Gobierno Central. [&#8230;] Aunque lo ideal hubiera sido que todo lo haga el G2G\u201d, dijo.<\/p>\n<p>En tanto, Juan Jos\u00e9 C\u00e1rdenas, socio de Damma Legal Advisors, coincidi\u00f3 en que hubiera preferido que todo el proyecto fuera gestionado por el Gobierno Central y resalt\u00f3 que la presentaci\u00f3n de mismo omiti\u00f3 mencionar c\u00f3mo se operar\u00eda.<\/p>\n<p>\u201cNo es ideal comenzar con la construcci\u00f3n de una parte de la infraestructura sin saber qu\u00e9 se va a hacer con la segunda parte ni saber c\u00f3mo se va a operar o mantener. Este tipo de infraestructura compleja deber\u00eda ser manejada por el Gobierno Nacional y no por los Gores porque no tienen las capacidades al no haber sido entrenados para eso\u201d, se\u00f1al\u00f3.<\/p>\n<p>Asimismo, agreg\u00f3 que el Midagri debi\u00f3 de ser m\u00e1s claro en su presentaci\u00f3n de proyecto para que no hubiera malentendidos.<\/p>\n<p>Por su parte, <a href=\"\/?p=4038\">Ronald Fern\u00e1ndez D\u00e1vila<\/a>, socio del estudio PPU, advirti\u00f3 que puede ser riesgosa la decisi\u00f3n de construir el canal madre separado de G2G, pues los tiempos pueden perjudicar la operaci\u00f3n final del proyecto.<\/p>\n<p>\u201cPuede darse un escenario de que se entregue la obra del G2G y que no se haya solucionado del todo la construcci\u00f3n del canal madre. [&#8230;] Me preocupa que los tiempos de ejecuci\u00f3n del canal madre sean distintos a los tiempos que tenga el resto del proyecto y nos podamos encontrar con [el G2G] terminado, pero que falte una parte encargada al Estado para que pueda ser ejecutado. Esto generar\u00e1 costos por demoras, tambi\u00e9n por las demoras del mantenimiento\u201d, afirm\u00f3 Ronald Fern\u00e1ndez D\u00e1vila, socio del estudio PPU.<\/p>\n<p>Adem\u00e1s\u2026<br \/>\n<strong>Detalles del G2G<\/strong><br \/>\nDurante la conferencia de prensa el Midagri y el Ministerio de Relaciones Exteriores informaron que la presa Palo Redondo tiene un avance de 85% en el relleno, un 87% en el periplo margen derecho, 54% en el periplo margen izquierdo y 73% en el periplo fondo de quebrada. Todav\u00eda no se instalaron la loza de concreto ni el muro de colocaci\u00f3n.<\/p>\n<p>Esta etapa se ubicar\u00e1 en las faldas del canal madre del proyecto y almacenar\u00e1 el agua que se distribuir\u00e1 a los sembr\u00edos. Tiene 97 metros de altura, tiene una longitud de 814 metros y almacenar\u00e1 400 millones de metros c\u00fabicos de agua.<\/p>\n<p>Las otras <a href=\"http:\/\/www.chavimochic.gob.pe\/iii-etapa.php\">obras de Chavimochic III<\/a> incluyen las tuber\u00edas, t\u00faneles y el sif\u00f3n Vir\u00fa por donde se trasladar\u00e1 el agua.<\/p>\n<p>El proyecto incorporar\u00e1 63 mil hect\u00e1reas de nuevas tierras y mejorar\u00e1 el riego de 48 mil provenientes ya existentes. Adem\u00e1s, generar\u00eda alrededor de 150 mil puestos de trabajo.<\/p>\n","protected":false},"excerpt":{"rendered":"<p>Anuncio fue realizado por la ministra de Desarrollo Agrario y Riego, Nelly Paredes. Proyecto no incluye las obras del canal madre, que ser\u00e1n construidas por el Gobierno Regional de La Libertad.<\/p>\n","protected":false},"author":2,"menu_order":0,"template":"","meta":{"_acf_changed":false,"footnotes":""},"tax_location":[8],"article_type":[],"class_list":["post-2902","article","type-article","status-publish","hentry","tax_location-peru"],"acf":[],"yoast_head":"<!-- This site is optimized with the Yoast SEO plugin v26.4 - https:\/\/yoast.com\/wordpress\/plugins\/seo\/ -->\n<title>Acuerdo Gobierno a Gobierno para Chavimochic III se firmar\u00eda el pr\u00f3ximo a\u00f1o: \u00bfqu\u00e9 dudas deja el proyecto? - PPU Legal<\/title>\n<meta name=\"robots\" content=\"index, follow, max-snippet:-1, max-image-preview:large, max-video-preview:-1\" \/>\n<link rel=\"canonical\" href=\"https:\/\/ppulegal.com\/en\/actualidad-legal\/acuerdo-gobierno-a-gobierno-para-chavimochic-iii-se-firmaria-el-proximo-ano-que-dudas-deja-el-proyecto\/\" \/>\n<meta property=\"og:locale\" content=\"en_US\" \/>\n<meta property=\"og:type\" content=\"article\" \/>\n<meta property=\"og:title\" content=\"Acuerdo Gobierno a Gobierno para Chavimochic III se firmar\u00eda el pr\u00f3ximo a\u00f1o: \u00bfqu\u00e9 dudas deja el proyecto? - PPU Legal\" \/>\n<meta property=\"og:description\" content=\"Anuncio fue realizado por la ministra de Desarrollo Agrario y Riego, Nelly Paredes. Proyecto no incluye las obras del canal madre, que ser\u00e1n construidas por el Gobierno Regional de La Libertad.\" \/>\n<meta property=\"og:url\" content=\"https:\/\/ppulegal.com\/en\/actualidad-legal\/acuerdo-gobierno-a-gobierno-para-chavimochic-iii-se-firmaria-el-proximo-ano-que-dudas-deja-el-proyecto\/\" \/>\n<meta property=\"og:site_name\" content=\"PPU Legal\" \/>\n<meta property=\"og:image\" content=\"https:\/\/elcomercio.pe\/resizer\/087M5ybzsNVy9ESHcsq1MMYitbw=\/980x528\/smart\/filters:format(jpeg):quality(75)\/cloudfront-us-east-1.images.arcpublishing.com\/elcomercio\/GDEVS5OURFGMTPRTXTOTUQ5CUY.jpg\" \/>\n<meta name=\"twitter:card\" content=\"summary_large_image\" \/>\n<meta name=\"twitter:label1\" content=\"Est. reading time\" \/>\n\t<meta name=\"twitter:data1\" content=\"5 minutes\" \/>\n<script type=\"application\/ld+json\" class=\"yoast-schema-graph\">{\"@context\":\"https:\/\/schema.org\",\"@graph\":[{\"@type\":\"WebPage\",\"@id\":\"https:\/\/ppulegal.com\/en\/actualidad-legal\/acuerdo-gobierno-a-gobierno-para-chavimochic-iii-se-firmaria-el-proximo-ano-que-dudas-deja-el-proyecto\/\",\"url\":\"https:\/\/ppulegal.com\/en\/actualidad-legal\/acuerdo-gobierno-a-gobierno-para-chavimochic-iii-se-firmaria-el-proximo-ano-que-dudas-deja-el-proyecto\/\",\"name\":\"Acuerdo Gobierno a Gobierno para Chavimochic III se firmar\u00eda el pr\u00f3ximo a\u00f1o: \u00bfqu\u00e9 dudas deja el proyecto? - PPU Legal\",\"isPartOf\":{\"@id\":\"https:\/\/ppulegal.com\/en\/#website\"},\"primaryImageOfPage\":{\"@id\":\"https:\/\/ppulegal.com\/en\/actualidad-legal\/acuerdo-gobierno-a-gobierno-para-chavimochic-iii-se-firmaria-el-proximo-ano-que-dudas-deja-el-proyecto\/#primaryimage\"},\"image\":{\"@id\":\"https:\/\/ppulegal.com\/en\/actualidad-legal\/acuerdo-gobierno-a-gobierno-para-chavimochic-iii-se-firmaria-el-proximo-ano-que-dudas-deja-el-proyecto\/#primaryimage\"},\"thumbnailUrl\":\"https:\/\/elcomercio.pe\/resizer\/087M5ybzsNVy9ESHcsq1MMYitbw=\/980x528\/smart\/filters:format(jpeg):quality(75)\/cloudfront-us-east-1.images.arcpublishing.com\/elcomercio\/GDEVS5OURFGMTPRTXTOTUQ5CUY.jpg\",\"datePublished\":\"2023-06-14T14:46:52+00:00\",\"breadcrumb\":{\"@id\":\"https:\/\/ppulegal.com\/en\/actualidad-legal\/acuerdo-gobierno-a-gobierno-para-chavimochic-iii-se-firmaria-el-proximo-ano-que-dudas-deja-el-proyecto\/#breadcrumb\"},\"inLanguage\":\"en-US\",\"potentialAction\":[{\"@type\":\"ReadAction\",\"target\":[\"https:\/\/ppulegal.com\/en\/actualidad-legal\/acuerdo-gobierno-a-gobierno-para-chavimochic-iii-se-firmaria-el-proximo-ano-que-dudas-deja-el-proyecto\/\"]}]},{\"@type\":\"ImageObject\",\"inLanguage\":\"en-US\",\"@id\":\"https:\/\/ppulegal.com\/en\/actualidad-legal\/acuerdo-gobierno-a-gobierno-para-chavimochic-iii-se-firmaria-el-proximo-ano-que-dudas-deja-el-proyecto\/#primaryimage\",\"url\":\"https:\/\/elcomercio.pe\/resizer\/087M5ybzsNVy9ESHcsq1MMYitbw=\/980x528\/smart\/filters:format(jpeg):quality(75)\/cloudfront-us-east-1.images.arcpublishing.com\/elcomercio\/GDEVS5OURFGMTPRTXTOTUQ5CUY.jpg\",\"contentUrl\":\"https:\/\/elcomercio.pe\/resizer\/087M5ybzsNVy9ESHcsq1MMYitbw=\/980x528\/smart\/filters:format(jpeg):quality(75)\/cloudfront-us-east-1.images.arcpublishing.com\/elcomercio\/GDEVS5OURFGMTPRTXTOTUQ5CUY.jpg\"},{\"@type\":\"BreadcrumbList\",\"@id\":\"https:\/\/ppulegal.com\/en\/actualidad-legal\/acuerdo-gobierno-a-gobierno-para-chavimochic-iii-se-firmaria-el-proximo-ano-que-dudas-deja-el-proyecto\/#breadcrumb\",\"itemListElement\":[{\"@type\":\"ListItem\",\"position\":1,\"name\":\"Home\",\"item\":\"https:\/\/ppulegal.com\/en\/\"},{\"@type\":\"ListItem\",\"position\":2,\"name\":\"Acuerdo Gobierno a Gobierno para Chavimochic III se firmar\u00eda el pr\u00f3ximo a\u00f1o: \u00bfqu\u00e9 dudas deja el proyecto?\"}]},{\"@type\":\"WebSite\",\"@id\":\"https:\/\/ppulegal.com\/en\/#website\",\"url\":\"https:\/\/ppulegal.com\/en\/\",\"name\":\"PPU Legal\",\"description\":\"\",\"potentialAction\":[{\"@type\":\"SearchAction\",\"target\":{\"@type\":\"EntryPoint\",\"urlTemplate\":\"https:\/\/ppulegal.com\/en\/?s={search_term_string}\"},\"query-input\":{\"@type\":\"PropertyValueSpecification\",\"valueRequired\":true,\"valueName\":\"search_term_string\"}}],\"inLanguage\":\"en-US\"}]}<\/script>\n<!-- \/ Yoast SEO plugin. -->","yoast_head_json":{"title":"Acuerdo Gobierno a Gobierno para Chavimochic III se firmar\u00eda el pr\u00f3ximo a\u00f1o: \u00bfqu\u00e9 dudas deja el proyecto? - PPU Legal","robots":{"index":"index","follow":"follow","max-snippet":"max-snippet:-1","max-image-preview":"max-image-preview:large","max-video-preview":"max-video-preview:-1"},"canonical":"https:\/\/ppulegal.com\/en\/actualidad-legal\/acuerdo-gobierno-a-gobierno-para-chavimochic-iii-se-firmaria-el-proximo-ano-que-dudas-deja-el-proyecto\/","og_locale":"en_US","og_type":"article","og_title":"Acuerdo Gobierno a Gobierno para Chavimochic III se firmar\u00eda el pr\u00f3ximo a\u00f1o: \u00bfqu\u00e9 dudas deja el proyecto? - PPU Legal","og_description":"Anuncio fue realizado por la ministra de Desarrollo Agrario y Riego, Nelly Paredes. Proyecto no incluye las obras del canal madre, que ser\u00e1n construidas por el Gobierno Regional de La Libertad.","og_url":"https:\/\/ppulegal.com\/en\/actualidad-legal\/acuerdo-gobierno-a-gobierno-para-chavimochic-iii-se-firmaria-el-proximo-ano-que-dudas-deja-el-proyecto\/","og_site_name":"PPU Legal","og_image":[{"url":"https:\/\/elcomercio.pe\/resizer\/087M5ybzsNVy9ESHcsq1MMYitbw=\/980x528\/smart\/filters:format(jpeg):quality(75)\/cloudfront-us-east-1.images.arcpublishing.com\/elcomercio\/GDEVS5OURFGMTPRTXTOTUQ5CUY.jpg","type":"","width":"","height":""}],"twitter_card":"summary_large_image","twitter_misc":{"Est. reading time":"5 minutes"},"schema":{"@context":"https:\/\/schema.org","@graph":[{"@type":"WebPage","@id":"https:\/\/ppulegal.com\/en\/actualidad-legal\/acuerdo-gobierno-a-gobierno-para-chavimochic-iii-se-firmaria-el-proximo-ano-que-dudas-deja-el-proyecto\/","url":"https:\/\/ppulegal.com\/en\/actualidad-legal\/acuerdo-gobierno-a-gobierno-para-chavimochic-iii-se-firmaria-el-proximo-ano-que-dudas-deja-el-proyecto\/","name":"Acuerdo Gobierno a Gobierno para Chavimochic III se firmar\u00eda el pr\u00f3ximo a\u00f1o: \u00bfqu\u00e9 dudas deja el proyecto? - PPU Legal","isPartOf":{"@id":"https:\/\/ppulegal.com\/en\/#website"},"primaryImageOfPage":{"@id":"https:\/\/ppulegal.com\/en\/actualidad-legal\/acuerdo-gobierno-a-gobierno-para-chavimochic-iii-se-firmaria-el-proximo-ano-que-dudas-deja-el-proyecto\/#primaryimage"},"image":{"@id":"https:\/\/ppulegal.com\/en\/actualidad-legal\/acuerdo-gobierno-a-gobierno-para-chavimochic-iii-se-firmaria-el-proximo-ano-que-dudas-deja-el-proyecto\/#primaryimage"},"thumbnailUrl":"https:\/\/elcomercio.pe\/resizer\/087M5ybzsNVy9ESHcsq1MMYitbw=\/980x528\/smart\/filters:format(jpeg):quality(75)\/cloudfront-us-east-1.images.arcpublishing.com\/elcomercio\/GDEVS5OURFGMTPRTXTOTUQ5CUY.jpg","datePublished":"2023-06-14T14:46:52+00:00","breadcrumb":{"@id":"https:\/\/ppulegal.com\/en\/actualidad-legal\/acuerdo-gobierno-a-gobierno-para-chavimochic-iii-se-firmaria-el-proximo-ano-que-dudas-deja-el-proyecto\/#breadcrumb"},"inLanguage":"en-US","potentialAction":[{"@type":"ReadAction","target":["https:\/\/ppulegal.com\/en\/actualidad-legal\/acuerdo-gobierno-a-gobierno-para-chavimochic-iii-se-firmaria-el-proximo-ano-que-dudas-deja-el-proyecto\/"]}]},{"@type":"ImageObject","inLanguage":"en-US","@id":"https:\/\/ppulegal.com\/en\/actualidad-legal\/acuerdo-gobierno-a-gobierno-para-chavimochic-iii-se-firmaria-el-proximo-ano-que-dudas-deja-el-proyecto\/#primaryimage","url":"https:\/\/elcomercio.pe\/resizer\/087M5ybzsNVy9ESHcsq1MMYitbw=\/980x528\/smart\/filters:format(jpeg):quality(75)\/cloudfront-us-east-1.images.arcpublishing.com\/elcomercio\/GDEVS5OURFGMTPRTXTOTUQ5CUY.jpg","contentUrl":"https:\/\/elcomercio.pe\/resizer\/087M5ybzsNVy9ESHcsq1MMYitbw=\/980x528\/smart\/filters:format(jpeg):quality(75)\/cloudfront-us-east-1.images.arcpublishing.com\/elcomercio\/GDEVS5OURFGMTPRTXTOTUQ5CUY.jpg"},{"@type":"BreadcrumbList","@id":"https:\/\/ppulegal.com\/en\/actualidad-legal\/acuerdo-gobierno-a-gobierno-para-chavimochic-iii-se-firmaria-el-proximo-ano-que-dudas-deja-el-proyecto\/#breadcrumb","itemListElement":[{"@type":"ListItem","position":1,"name":"Home","item":"https:\/\/ppulegal.com\/en\/"},{"@type":"ListItem","position":2,"name":"Acuerdo Gobierno a Gobierno para Chavimochic III se firmar\u00eda el pr\u00f3ximo a\u00f1o: \u00bfqu\u00e9 dudas deja el proyecto?"}]},{"@type":"WebSite","@id":"https:\/\/ppulegal.com\/en\/#website","url":"https:\/\/ppulegal.com\/en\/","name":"PPU Legal","description":"","potentialAction":[{"@type":"SearchAction","target":{"@type":"EntryPoint","urlTemplate":"https:\/\/ppulegal.com\/en\/?s={search_term_string}"},"query-input":{"@type":"PropertyValueSpecification","valueRequired":true,"valueName":"search_term_string"}}],"inLanguage":"en-US"}]}},"_links":{"self":[{"href":"https:\/\/ppulegal.com\/en\/wp-json\/wp\/v2\/article\/2902","targetHints":{"allow":["GET"]}}],"collection":[{"href":"https:\/\/ppulegal.com\/en\/wp-json\/wp\/v2\/article"}],"about":[{"href":"https:\/\/ppulegal.com\/en\/wp-json\/wp\/v2\/types\/article"}],"author":[{"embeddable":true,"href":"https:\/\/ppulegal.com\/en\/wp-json\/wp\/v2\/users\/2"}],"version-history":[{"count":0,"href":"https:\/\/ppulegal.com\/en\/wp-json\/wp\/v2\/article\/2902\/revisions"}],"wp:attachment":[{"href":"https:\/\/ppulegal.com\/en\/wp-json\/wp\/v2\/media?parent=2902"}],"wp:term":[{"taxonomy":"tax_location","embeddable":true,"href":"https:\/\/ppulegal.com\/en\/wp-json\/wp\/v2\/tax_location?post=2902"},{"taxonomy":"article_type","embeddable":true,"href":"https:\/\/ppulegal.com\/en\/wp-json\/wp\/v2\/article_type?post=2902"}],"curies":[{"name":"wp","href":"https:\/\/api.w.org\/{rel}","templated":true}]}}