{"id":3068,"date":"2023-08-03T09:23:37","date_gmt":"2023-08-03T14:23:37","guid":{"rendered":"http:\/\/localhost:8080\/ppu-informa\/nestle-se-enfrento-a-comercializadora-de-lacteos-y-derivados-por-marca-mili\/"},"modified":"2025-07-30T17:14:41","modified_gmt":"2025-07-30T21:14:41","slug":"nestle-se-enfrento-a-comercializadora-de-lacteos-y-derivados-por-marca-mili","status":"publish","type":"article","link":"https:\/\/ppulegal.com\/en\/actualidad-legal\/nestle-se-enfrento-a-comercializadora-de-lacteos-y-derivados-por-marca-mili\/","title":{"rendered":"Nestl\u00e9 se enfrent\u00f3 a Comercializadora de L\u00e1cteos y Derivados por marca Mili"},"content":{"rendered":"<p>Nestl\u00e9 se enfrent\u00f3 a Comercializadora de L\u00e1cteos y Derivados por marca Mili small Fuente: Abogados involucrados Publicaciones relacionadas     <\/p>\n","protected":false},"excerpt":{"rendered":"<p>Entre los argumentos que present\u00f3 la parte apelante para demostrar que no hab\u00eda elementos para que el consumidor se confundiera, se destac\u00f3 \u201cque la marca notoria Milo siempre es usada con la marca sombrilla, tambi\u00e9n de car\u00e1cter notoria, Nestl\u00e9. <\/p>\n","protected":false},"author":2,"menu_order":0,"template":"","meta":{"_acf_changed":false,"footnotes":""},"tax_location":[7],"article_type":[4],"class_list":["post-3068","article","type-article","status-publish","hentry","tax_location-colombia","article_type-noticia"],"acf":[],"yoast_head":"<!-- This site is optimized with the Yoast SEO plugin v26.4 - https:\/\/yoast.com\/wordpress\/plugins\/seo\/ -->\n<title>Nestl\u00e9 se enfrent\u00f3 a Comercializadora de L\u00e1cteos y Derivados por marca Mili - PPU Legal<\/title>\n<meta name=\"robots\" content=\"index, follow, max-snippet:-1, max-image-preview:large, max-video-preview:-1\" \/>\n<link rel=\"canonical\" href=\"https:\/\/ppulegal.com\/en\/actualidad-legal\/nestle-se-enfrento-a-comercializadora-de-lacteos-y-derivados-por-marca-mili\/\" \/>\n<meta property=\"og:locale\" content=\"en_US\" \/>\n<meta property=\"og:type\" content=\"article\" \/>\n<meta property=\"og:title\" content=\"Nestl\u00e9 se enfrent\u00f3 a Comercializadora de L\u00e1cteos y Derivados por marca Mili - PPU Legal\" \/>\n<meta property=\"og:description\" content=\"Entre los argumentos que present\u00f3 la parte apelante para demostrar que no hab\u00eda elementos para que el consumidor se confundiera, se destac\u00f3 \u201cque la marca notoria Milo siempre es usada con la marca sombrilla, tambi\u00e9n de car\u00e1cter notoria, Nestl\u00e9.\" \/>\n<meta property=\"og:url\" content=\"https:\/\/ppulegal.com\/en\/actualidad-legal\/nestle-se-enfrento-a-comercializadora-de-lacteos-y-derivados-por-marca-mili\/\" \/>\n<meta property=\"og:site_name\" content=\"PPU Legal\" \/>\n<meta property=\"article:modified_time\" content=\"2025-07-30T21:14:41+00:00\" \/>\n<meta name=\"twitter:card\" content=\"summary_large_image\" \/>\n<meta name=\"twitter:label1\" content=\"Est. reading time\" \/>\n\t<meta name=\"twitter:data1\" content=\"3 minutes\" \/>\n<script type=\"application\/ld+json\" class=\"yoast-schema-graph\">{\"@context\":\"https:\/\/schema.org\",\"@graph\":[{\"@type\":\"WebPage\",\"@id\":\"https:\/\/ppulegal.com\/en\/actualidad-legal\/nestle-se-enfrento-a-comercializadora-de-lacteos-y-derivados-por-marca-mili\/\",\"url\":\"https:\/\/ppulegal.com\/en\/actualidad-legal\/nestle-se-enfrento-a-comercializadora-de-lacteos-y-derivados-por-marca-mili\/\",\"name\":\"Nestl\u00e9 se enfrent\u00f3 a Comercializadora de L\u00e1cteos y Derivados por marca Mili - PPU Legal\",\"isPartOf\":{\"@id\":\"https:\/\/ppulegal.com\/en\/#website\"},\"datePublished\":\"2023-08-03T14:23:37+00:00\",\"dateModified\":\"2025-07-30T21:14:41+00:00\",\"breadcrumb\":{\"@id\":\"https:\/\/ppulegal.com\/en\/actualidad-legal\/nestle-se-enfrento-a-comercializadora-de-lacteos-y-derivados-por-marca-mili\/#breadcrumb\"},\"inLanguage\":\"en-US\",\"potentialAction\":[{\"@type\":\"ReadAction\",\"target\":[\"https:\/\/ppulegal.com\/en\/actualidad-legal\/nestle-se-enfrento-a-comercializadora-de-lacteos-y-derivados-por-marca-mili\/\"]}]},{\"@type\":\"BreadcrumbList\",\"@id\":\"https:\/\/ppulegal.com\/en\/actualidad-legal\/nestle-se-enfrento-a-comercializadora-de-lacteos-y-derivados-por-marca-mili\/#breadcrumb\",\"itemListElement\":[{\"@type\":\"ListItem\",\"position\":1,\"name\":\"Home\",\"item\":\"https:\/\/ppulegal.com\/en\/\"},{\"@type\":\"ListItem\",\"position\":2,\"name\":\"Nestl\u00e9 se enfrent\u00f3 a Comercializadora de L\u00e1cteos y Derivados por marca Mili\"}]},{\"@type\":\"WebSite\",\"@id\":\"https:\/\/ppulegal.com\/en\/#website\",\"url\":\"https:\/\/ppulegal.com\/en\/\",\"name\":\"PPU Legal\",\"description\":\"\",\"potentialAction\":[{\"@type\":\"SearchAction\",\"target\":{\"@type\":\"EntryPoint\",\"urlTemplate\":\"https:\/\/ppulegal.com\/en\/?s={search_term_string}\"},\"query-input\":{\"@type\":\"PropertyValueSpecification\",\"valueRequired\":true,\"valueName\":\"search_term_string\"}}],\"inLanguage\":\"en-US\"}]}<\/script>\n<!-- \/ Yoast SEO plugin. -->","yoast_head_json":{"title":"Nestl\u00e9 se enfrent\u00f3 a Comercializadora de L\u00e1cteos y Derivados por marca Mili - PPU Legal","robots":{"index":"index","follow":"follow","max-snippet":"max-snippet:-1","max-image-preview":"max-image-preview:large","max-video-preview":"max-video-preview:-1"},"canonical":"https:\/\/ppulegal.com\/en\/actualidad-legal\/nestle-se-enfrento-a-comercializadora-de-lacteos-y-derivados-por-marca-mili\/","og_locale":"en_US","og_type":"article","og_title":"Nestl\u00e9 se enfrent\u00f3 a Comercializadora de L\u00e1cteos y Derivados por marca Mili - PPU Legal","og_description":"Entre los argumentos que present\u00f3 la parte apelante para demostrar que no hab\u00eda elementos para que el consumidor se confundiera, se destac\u00f3 \u201cque la marca notoria Milo siempre es usada con la marca sombrilla, tambi\u00e9n de car\u00e1cter notoria, Nestl\u00e9.","og_url":"https:\/\/ppulegal.com\/en\/actualidad-legal\/nestle-se-enfrento-a-comercializadora-de-lacteos-y-derivados-por-marca-mili\/","og_site_name":"PPU Legal","article_modified_time":"2025-07-30T21:14:41+00:00","twitter_card":"summary_large_image","twitter_misc":{"Est. reading time":"3 minutes"},"schema":{"@context":"https:\/\/schema.org","@graph":[{"@type":"WebPage","@id":"https:\/\/ppulegal.com\/en\/actualidad-legal\/nestle-se-enfrento-a-comercializadora-de-lacteos-y-derivados-por-marca-mili\/","url":"https:\/\/ppulegal.com\/en\/actualidad-legal\/nestle-se-enfrento-a-comercializadora-de-lacteos-y-derivados-por-marca-mili\/","name":"Nestl\u00e9 se enfrent\u00f3 a Comercializadora de L\u00e1cteos y Derivados por marca Mili - PPU Legal","isPartOf":{"@id":"https:\/\/ppulegal.com\/en\/#website"},"datePublished":"2023-08-03T14:23:37+00:00","dateModified":"2025-07-30T21:14:41+00:00","breadcrumb":{"@id":"https:\/\/ppulegal.com\/en\/actualidad-legal\/nestle-se-enfrento-a-comercializadora-de-lacteos-y-derivados-por-marca-mili\/#breadcrumb"},"inLanguage":"en-US","potentialAction":[{"@type":"ReadAction","target":["https:\/\/ppulegal.com\/en\/actualidad-legal\/nestle-se-enfrento-a-comercializadora-de-lacteos-y-derivados-por-marca-mili\/"]}]},{"@type":"BreadcrumbList","@id":"https:\/\/ppulegal.com\/en\/actualidad-legal\/nestle-se-enfrento-a-comercializadora-de-lacteos-y-derivados-por-marca-mili\/#breadcrumb","itemListElement":[{"@type":"ListItem","position":1,"name":"Home","item":"https:\/\/ppulegal.com\/en\/"},{"@type":"ListItem","position":2,"name":"Nestl\u00e9 se enfrent\u00f3 a Comercializadora de L\u00e1cteos y Derivados por marca Mili"}]},{"@type":"WebSite","@id":"https:\/\/ppulegal.com\/en\/#website","url":"https:\/\/ppulegal.com\/en\/","name":"PPU Legal","description":"","potentialAction":[{"@type":"SearchAction","target":{"@type":"EntryPoint","urlTemplate":"https:\/\/ppulegal.com\/en\/?s={search_term_string}"},"query-input":{"@type":"PropertyValueSpecification","valueRequired":true,"valueName":"search_term_string"}}],"inLanguage":"en-US"}]}},"_links":{"self":[{"href":"https:\/\/ppulegal.com\/en\/wp-json\/wp\/v2\/article\/3068","targetHints":{"allow":["GET"]}}],"collection":[{"href":"https:\/\/ppulegal.com\/en\/wp-json\/wp\/v2\/article"}],"about":[{"href":"https:\/\/ppulegal.com\/en\/wp-json\/wp\/v2\/types\/article"}],"author":[{"embeddable":true,"href":"https:\/\/ppulegal.com\/en\/wp-json\/wp\/v2\/users\/2"}],"version-history":[{"count":2,"href":"https:\/\/ppulegal.com\/en\/wp-json\/wp\/v2\/article\/3068\/revisions"}],"predecessor-version":[{"id":18146,"href":"https:\/\/ppulegal.com\/en\/wp-json\/wp\/v2\/article\/3068\/revisions\/18146"}],"wp:attachment":[{"href":"https:\/\/ppulegal.com\/en\/wp-json\/wp\/v2\/media?parent=3068"}],"wp:term":[{"taxonomy":"tax_location","embeddable":true,"href":"https:\/\/ppulegal.com\/en\/wp-json\/wp\/v2\/tax_location?post=3068"},{"taxonomy":"article_type","embeddable":true,"href":"https:\/\/ppulegal.com\/en\/wp-json\/wp\/v2\/article_type?post=3068"}],"curies":[{"name":"wp","href":"https:\/\/api.w.org\/{rel}","templated":true}]}}