{"id":3279,"date":"2023-10-04T11:16:46","date_gmt":"2023-10-04T16:16:46","guid":{"rendered":"http:\/\/localhost:8080\/ppu-informa\/representante-legal-y-administrador-responsables-penalmente\/"},"modified":"2025-07-30T10:47:50","modified_gmt":"2025-07-30T14:47:50","slug":"representante-legal-y-administrador-responsables-penalmente","status":"publish","type":"article","link":"https:\/\/ppulegal.com\/en\/actualidad-legal\/representante-legal-y-administrador-responsables-penalmente\/","title":{"rendered":"Representante legal y administrador responsables penalmente"},"content":{"rendered":"<p>Representante legal y administrador responsables penalmente small Fuente: Abogados involucrados Publicaciones relacionadas      30<\/p>\n","protected":false},"excerpt":{"rendered":"<p>Desde la perspectiva jur\u00eddico-penal, el desarrollo de la actividad empresarial implica el riesgo de incurrir en conductas que pueden ser consideradas delictivas. De materializarse este riesgo, la Fiscal\u00eda General de la Naci\u00f3n iniciar\u00eda una investigaci\u00f3n para determinar si, en efecto, ocurri\u00f3 o no un delito, e identificar al presunto responsable.<\/p>\n","protected":false},"author":2,"menu_order":0,"template":"","meta":{"_acf_changed":false,"footnotes":""},"tax_location":[7],"article_type":[4],"class_list":["post-3279","article","type-article","status-publish","hentry","tax_location-colombia","article_type-noticia"],"acf":[],"yoast_head":"<!-- This site is optimized with the Yoast SEO plugin v26.4 - https:\/\/yoast.com\/wordpress\/plugins\/seo\/ -->\n<title>Representante legal y administrador responsables penalmente - PPU Legal<\/title>\n<meta name=\"robots\" content=\"index, follow, max-snippet:-1, max-image-preview:large, max-video-preview:-1\" \/>\n<link rel=\"canonical\" href=\"https:\/\/ppulegal.com\/en\/actualidad-legal\/representante-legal-y-administrador-responsables-penalmente\/\" \/>\n<meta property=\"og:locale\" content=\"en_US\" \/>\n<meta property=\"og:type\" content=\"article\" \/>\n<meta property=\"og:title\" content=\"Representante legal y administrador responsables penalmente - PPU Legal\" \/>\n<meta property=\"og:description\" content=\"Desde la perspectiva jur\u00eddico-penal, el desarrollo de la actividad empresarial implica el riesgo de incurrir en conductas que pueden ser consideradas delictivas. De materializarse este riesgo, la Fiscal\u00eda General de la Naci\u00f3n iniciar\u00eda una investigaci\u00f3n para determinar si, en efecto, ocurri\u00f3 o no un delito, e identificar al presunto responsable.\" \/>\n<meta property=\"og:url\" content=\"https:\/\/ppulegal.com\/en\/actualidad-legal\/representante-legal-y-administrador-responsables-penalmente\/\" \/>\n<meta property=\"og:site_name\" content=\"PPU Legal\" \/>\n<meta property=\"article:modified_time\" content=\"2025-07-30T14:47:50+00:00\" \/>\n<meta name=\"twitter:card\" content=\"summary_large_image\" \/>\n<meta name=\"twitter:label1\" content=\"Est. reading time\" \/>\n\t<meta name=\"twitter:data1\" content=\"3 minutes\" \/>\n<script type=\"application\/ld+json\" class=\"yoast-schema-graph\">{\"@context\":\"https:\/\/schema.org\",\"@graph\":[{\"@type\":\"WebPage\",\"@id\":\"https:\/\/ppulegal.com\/en\/actualidad-legal\/representante-legal-y-administrador-responsables-penalmente\/\",\"url\":\"https:\/\/ppulegal.com\/en\/actualidad-legal\/representante-legal-y-administrador-responsables-penalmente\/\",\"name\":\"Representante legal y administrador responsables penalmente - PPU Legal\",\"isPartOf\":{\"@id\":\"https:\/\/ppulegal.com\/en\/#website\"},\"datePublished\":\"2023-10-04T16:16:46+00:00\",\"dateModified\":\"2025-07-30T14:47:50+00:00\",\"breadcrumb\":{\"@id\":\"https:\/\/ppulegal.com\/en\/actualidad-legal\/representante-legal-y-administrador-responsables-penalmente\/#breadcrumb\"},\"inLanguage\":\"en-US\",\"potentialAction\":[{\"@type\":\"ReadAction\",\"target\":[\"https:\/\/ppulegal.com\/en\/actualidad-legal\/representante-legal-y-administrador-responsables-penalmente\/\"]}]},{\"@type\":\"BreadcrumbList\",\"@id\":\"https:\/\/ppulegal.com\/en\/actualidad-legal\/representante-legal-y-administrador-responsables-penalmente\/#breadcrumb\",\"itemListElement\":[{\"@type\":\"ListItem\",\"position\":1,\"name\":\"Home\",\"item\":\"https:\/\/ppulegal.com\/en\/\"},{\"@type\":\"ListItem\",\"position\":2,\"name\":\"Representante legal y administrador responsables penalmente\"}]},{\"@type\":\"WebSite\",\"@id\":\"https:\/\/ppulegal.com\/en\/#website\",\"url\":\"https:\/\/ppulegal.com\/en\/\",\"name\":\"PPU Legal\",\"description\":\"\",\"potentialAction\":[{\"@type\":\"SearchAction\",\"target\":{\"@type\":\"EntryPoint\",\"urlTemplate\":\"https:\/\/ppulegal.com\/en\/?s={search_term_string}\"},\"query-input\":{\"@type\":\"PropertyValueSpecification\",\"valueRequired\":true,\"valueName\":\"search_term_string\"}}],\"inLanguage\":\"en-US\"}]}<\/script>\n<!-- \/ Yoast SEO plugin. -->","yoast_head_json":{"title":"Representante legal y administrador responsables penalmente - PPU Legal","robots":{"index":"index","follow":"follow","max-snippet":"max-snippet:-1","max-image-preview":"max-image-preview:large","max-video-preview":"max-video-preview:-1"},"canonical":"https:\/\/ppulegal.com\/en\/actualidad-legal\/representante-legal-y-administrador-responsables-penalmente\/","og_locale":"en_US","og_type":"article","og_title":"Representante legal y administrador responsables penalmente - PPU Legal","og_description":"Desde la perspectiva jur\u00eddico-penal, el desarrollo de la actividad empresarial implica el riesgo de incurrir en conductas que pueden ser consideradas delictivas. De materializarse este riesgo, la Fiscal\u00eda General de la Naci\u00f3n iniciar\u00eda una investigaci\u00f3n para determinar si, en efecto, ocurri\u00f3 o no un delito, e identificar al presunto responsable.","og_url":"https:\/\/ppulegal.com\/en\/actualidad-legal\/representante-legal-y-administrador-responsables-penalmente\/","og_site_name":"PPU Legal","article_modified_time":"2025-07-30T14:47:50+00:00","twitter_card":"summary_large_image","twitter_misc":{"Est. reading time":"3 minutes"},"schema":{"@context":"https:\/\/schema.org","@graph":[{"@type":"WebPage","@id":"https:\/\/ppulegal.com\/en\/actualidad-legal\/representante-legal-y-administrador-responsables-penalmente\/","url":"https:\/\/ppulegal.com\/en\/actualidad-legal\/representante-legal-y-administrador-responsables-penalmente\/","name":"Representante legal y administrador responsables penalmente - PPU Legal","isPartOf":{"@id":"https:\/\/ppulegal.com\/en\/#website"},"datePublished":"2023-10-04T16:16:46+00:00","dateModified":"2025-07-30T14:47:50+00:00","breadcrumb":{"@id":"https:\/\/ppulegal.com\/en\/actualidad-legal\/representante-legal-y-administrador-responsables-penalmente\/#breadcrumb"},"inLanguage":"en-US","potentialAction":[{"@type":"ReadAction","target":["https:\/\/ppulegal.com\/en\/actualidad-legal\/representante-legal-y-administrador-responsables-penalmente\/"]}]},{"@type":"BreadcrumbList","@id":"https:\/\/ppulegal.com\/en\/actualidad-legal\/representante-legal-y-administrador-responsables-penalmente\/#breadcrumb","itemListElement":[{"@type":"ListItem","position":1,"name":"Home","item":"https:\/\/ppulegal.com\/en\/"},{"@type":"ListItem","position":2,"name":"Representante legal y administrador responsables penalmente"}]},{"@type":"WebSite","@id":"https:\/\/ppulegal.com\/en\/#website","url":"https:\/\/ppulegal.com\/en\/","name":"PPU Legal","description":"","potentialAction":[{"@type":"SearchAction","target":{"@type":"EntryPoint","urlTemplate":"https:\/\/ppulegal.com\/en\/?s={search_term_string}"},"query-input":{"@type":"PropertyValueSpecification","valueRequired":true,"valueName":"search_term_string"}}],"inLanguage":"en-US"}]}},"_links":{"self":[{"href":"https:\/\/ppulegal.com\/en\/wp-json\/wp\/v2\/article\/3279","targetHints":{"allow":["GET"]}}],"collection":[{"href":"https:\/\/ppulegal.com\/en\/wp-json\/wp\/v2\/article"}],"about":[{"href":"https:\/\/ppulegal.com\/en\/wp-json\/wp\/v2\/types\/article"}],"author":[{"embeddable":true,"href":"https:\/\/ppulegal.com\/en\/wp-json\/wp\/v2\/users\/2"}],"version-history":[{"count":4,"href":"https:\/\/ppulegal.com\/en\/wp-json\/wp\/v2\/article\/3279\/revisions"}],"predecessor-version":[{"id":17507,"href":"https:\/\/ppulegal.com\/en\/wp-json\/wp\/v2\/article\/3279\/revisions\/17507"}],"wp:attachment":[{"href":"https:\/\/ppulegal.com\/en\/wp-json\/wp\/v2\/media?parent=3279"}],"wp:term":[{"taxonomy":"tax_location","embeddable":true,"href":"https:\/\/ppulegal.com\/en\/wp-json\/wp\/v2\/tax_location?post=3279"},{"taxonomy":"article_type","embeddable":true,"href":"https:\/\/ppulegal.com\/en\/wp-json\/wp\/v2\/article_type?post=3279"}],"curies":[{"name":"wp","href":"https:\/\/api.w.org\/{rel}","templated":true}]}}