{"id":3484,"date":"2024-01-22T13:51:07","date_gmt":"2024-01-22T18:51:07","guid":{"rendered":"http:\/\/localhost:8080\/ppu-informa\/academicos-estiman-que-no-procede-revocacion-administrativa-de-pensiones-de-gracia-si-decision-es-por-un-error-al-ponderar-los-hechos\/"},"modified":"2025-07-24T10:49:05","modified_gmt":"2025-07-24T14:49:05","slug":"academicos-estiman-que-no-procede-revocacion-administrativa-de-pensiones-de-gracia-si-decision-es-por-un-error-al-ponderar-los-hechos","status":"publish","type":"article","link":"https:\/\/ppulegal.com\/en\/actualidad-legal\/academicos-estiman-que-no-procede-revocacion-administrativa-de-pensiones-de-gracia-si-decision-es-por-un-error-al-ponderar-los-hechos\/","title":{"rendered":"Acad\u00e9micos estiman que no procede revocaci\u00f3n administrativa de pensiones de gracia si decisi\u00f3n es por un error al ponderar los hechos"},"content":{"rendered":"<p>Acad\u00e9micos estiman que no procede revocaci\u00f3n administrativa de pensiones de gracia si decisi\u00f3n es por un error al ponderar los hechos small Fuente: Abogados involucrados Publicaciones relacionadas     <\/p>\n","protected":false},"excerpt":{"rendered":"<p>Jos\u00e9 Luis Lara, explica que en tanto \u201cconstituyen actos administrativos de beneficio, en ejercicio de una potestad presidencial, procede revocaci\u00f3n del mismo en la medida que no hayan derechos adquiridos por parte de sus beneficiarios\u201d.<\/p>\n","protected":false},"author":2,"menu_order":0,"template":"","meta":{"_acf_changed":false,"footnotes":""},"tax_location":[6],"article_type":[4],"class_list":["post-3484","article","type-article","status-publish","hentry","tax_location-chile","article_type-noticia"],"acf":[],"yoast_head":"<!-- This site is optimized with the Yoast SEO plugin v26.4 - https:\/\/yoast.com\/wordpress\/plugins\/seo\/ -->\n<title>Acad\u00e9micos estiman que no procede revocaci\u00f3n administrativa de pensiones de gracia si decisi\u00f3n es por un error al ponderar los hechos - PPU Legal<\/title>\n<meta name=\"robots\" content=\"index, follow, max-snippet:-1, max-image-preview:large, max-video-preview:-1\" \/>\n<link rel=\"canonical\" href=\"https:\/\/ppulegal.com\/en\/actualidad-legal\/academicos-estiman-que-no-procede-revocacion-administrativa-de-pensiones-de-gracia-si-decision-es-por-un-error-al-ponderar-los-hechos\/\" \/>\n<meta property=\"og:locale\" content=\"en_US\" \/>\n<meta property=\"og:type\" content=\"article\" \/>\n<meta property=\"og:title\" content=\"Acad\u00e9micos estiman que no procede revocaci\u00f3n administrativa de pensiones de gracia si decisi\u00f3n es por un error al ponderar los hechos - PPU Legal\" \/>\n<meta property=\"og:description\" content=\"Jos\u00e9 Luis Lara, explica que en tanto \u201cconstituyen actos administrativos de beneficio, en ejercicio de una potestad presidencial, procede revocaci\u00f3n del mismo en la medida que no hayan derechos adquiridos por parte de sus beneficiarios\u201d.\" \/>\n<meta property=\"og:url\" content=\"https:\/\/ppulegal.com\/en\/actualidad-legal\/academicos-estiman-que-no-procede-revocacion-administrativa-de-pensiones-de-gracia-si-decision-es-por-un-error-al-ponderar-los-hechos\/\" \/>\n<meta property=\"og:site_name\" content=\"PPU Legal\" \/>\n<meta property=\"article:modified_time\" content=\"2025-07-24T14:49:05+00:00\" \/>\n<meta name=\"twitter:card\" content=\"summary_large_image\" \/>\n<meta name=\"twitter:label1\" content=\"Est. reading time\" \/>\n\t<meta name=\"twitter:data1\" content=\"5 minutes\" \/>\n<script type=\"application\/ld+json\" class=\"yoast-schema-graph\">{\"@context\":\"https:\/\/schema.org\",\"@graph\":[{\"@type\":\"WebPage\",\"@id\":\"https:\/\/ppulegal.com\/en\/actualidad-legal\/academicos-estiman-que-no-procede-revocacion-administrativa-de-pensiones-de-gracia-si-decision-es-por-un-error-al-ponderar-los-hechos\/\",\"url\":\"https:\/\/ppulegal.com\/en\/actualidad-legal\/academicos-estiman-que-no-procede-revocacion-administrativa-de-pensiones-de-gracia-si-decision-es-por-un-error-al-ponderar-los-hechos\/\",\"name\":\"Acad\u00e9micos estiman que no procede revocaci\u00f3n administrativa de pensiones de gracia si decisi\u00f3n es por un error al ponderar los hechos - PPU Legal\",\"isPartOf\":{\"@id\":\"https:\/\/ppulegal.com\/en\/#website\"},\"datePublished\":\"2024-01-22T18:51:07+00:00\",\"dateModified\":\"2025-07-24T14:49:05+00:00\",\"breadcrumb\":{\"@id\":\"https:\/\/ppulegal.com\/en\/actualidad-legal\/academicos-estiman-que-no-procede-revocacion-administrativa-de-pensiones-de-gracia-si-decision-es-por-un-error-al-ponderar-los-hechos\/#breadcrumb\"},\"inLanguage\":\"en-US\",\"potentialAction\":[{\"@type\":\"ReadAction\",\"target\":[\"https:\/\/ppulegal.com\/en\/actualidad-legal\/academicos-estiman-que-no-procede-revocacion-administrativa-de-pensiones-de-gracia-si-decision-es-por-un-error-al-ponderar-los-hechos\/\"]}]},{\"@type\":\"BreadcrumbList\",\"@id\":\"https:\/\/ppulegal.com\/en\/actualidad-legal\/academicos-estiman-que-no-procede-revocacion-administrativa-de-pensiones-de-gracia-si-decision-es-por-un-error-al-ponderar-los-hechos\/#breadcrumb\",\"itemListElement\":[{\"@type\":\"ListItem\",\"position\":1,\"name\":\"Home\",\"item\":\"https:\/\/ppulegal.com\/en\/\"},{\"@type\":\"ListItem\",\"position\":2,\"name\":\"Acad\u00e9micos estiman que no procede revocaci\u00f3n administrativa de pensiones de gracia si decisi\u00f3n es por un error al ponderar los hechos\"}]},{\"@type\":\"WebSite\",\"@id\":\"https:\/\/ppulegal.com\/en\/#website\",\"url\":\"https:\/\/ppulegal.com\/en\/\",\"name\":\"PPU Legal\",\"description\":\"\",\"potentialAction\":[{\"@type\":\"SearchAction\",\"target\":{\"@type\":\"EntryPoint\",\"urlTemplate\":\"https:\/\/ppulegal.com\/en\/?s={search_term_string}\"},\"query-input\":{\"@type\":\"PropertyValueSpecification\",\"valueRequired\":true,\"valueName\":\"search_term_string\"}}],\"inLanguage\":\"en-US\"}]}<\/script>\n<!-- \/ Yoast SEO plugin. -->","yoast_head_json":{"title":"Acad\u00e9micos estiman que no procede revocaci\u00f3n administrativa de pensiones de gracia si decisi\u00f3n es por un error al ponderar los hechos - PPU Legal","robots":{"index":"index","follow":"follow","max-snippet":"max-snippet:-1","max-image-preview":"max-image-preview:large","max-video-preview":"max-video-preview:-1"},"canonical":"https:\/\/ppulegal.com\/en\/actualidad-legal\/academicos-estiman-que-no-procede-revocacion-administrativa-de-pensiones-de-gracia-si-decision-es-por-un-error-al-ponderar-los-hechos\/","og_locale":"en_US","og_type":"article","og_title":"Acad\u00e9micos estiman que no procede revocaci\u00f3n administrativa de pensiones de gracia si decisi\u00f3n es por un error al ponderar los hechos - PPU Legal","og_description":"Jos\u00e9 Luis Lara, explica que en tanto \u201cconstituyen actos administrativos de beneficio, en ejercicio de una potestad presidencial, procede revocaci\u00f3n del mismo en la medida que no hayan derechos adquiridos por parte de sus beneficiarios\u201d.","og_url":"https:\/\/ppulegal.com\/en\/actualidad-legal\/academicos-estiman-que-no-procede-revocacion-administrativa-de-pensiones-de-gracia-si-decision-es-por-un-error-al-ponderar-los-hechos\/","og_site_name":"PPU Legal","article_modified_time":"2025-07-24T14:49:05+00:00","twitter_card":"summary_large_image","twitter_misc":{"Est. reading time":"5 minutes"},"schema":{"@context":"https:\/\/schema.org","@graph":[{"@type":"WebPage","@id":"https:\/\/ppulegal.com\/en\/actualidad-legal\/academicos-estiman-que-no-procede-revocacion-administrativa-de-pensiones-de-gracia-si-decision-es-por-un-error-al-ponderar-los-hechos\/","url":"https:\/\/ppulegal.com\/en\/actualidad-legal\/academicos-estiman-que-no-procede-revocacion-administrativa-de-pensiones-de-gracia-si-decision-es-por-un-error-al-ponderar-los-hechos\/","name":"Acad\u00e9micos estiman que no procede revocaci\u00f3n administrativa de pensiones de gracia si decisi\u00f3n es por un error al ponderar los hechos - PPU Legal","isPartOf":{"@id":"https:\/\/ppulegal.com\/en\/#website"},"datePublished":"2024-01-22T18:51:07+00:00","dateModified":"2025-07-24T14:49:05+00:00","breadcrumb":{"@id":"https:\/\/ppulegal.com\/en\/actualidad-legal\/academicos-estiman-que-no-procede-revocacion-administrativa-de-pensiones-de-gracia-si-decision-es-por-un-error-al-ponderar-los-hechos\/#breadcrumb"},"inLanguage":"en-US","potentialAction":[{"@type":"ReadAction","target":["https:\/\/ppulegal.com\/en\/actualidad-legal\/academicos-estiman-que-no-procede-revocacion-administrativa-de-pensiones-de-gracia-si-decision-es-por-un-error-al-ponderar-los-hechos\/"]}]},{"@type":"BreadcrumbList","@id":"https:\/\/ppulegal.com\/en\/actualidad-legal\/academicos-estiman-que-no-procede-revocacion-administrativa-de-pensiones-de-gracia-si-decision-es-por-un-error-al-ponderar-los-hechos\/#breadcrumb","itemListElement":[{"@type":"ListItem","position":1,"name":"Home","item":"https:\/\/ppulegal.com\/en\/"},{"@type":"ListItem","position":2,"name":"Acad\u00e9micos estiman que no procede revocaci\u00f3n administrativa de pensiones de gracia si decisi\u00f3n es por un error al ponderar los hechos"}]},{"@type":"WebSite","@id":"https:\/\/ppulegal.com\/en\/#website","url":"https:\/\/ppulegal.com\/en\/","name":"PPU Legal","description":"","potentialAction":[{"@type":"SearchAction","target":{"@type":"EntryPoint","urlTemplate":"https:\/\/ppulegal.com\/en\/?s={search_term_string}"},"query-input":{"@type":"PropertyValueSpecification","valueRequired":true,"valueName":"search_term_string"}}],"inLanguage":"en-US"}]}},"_links":{"self":[{"href":"https:\/\/ppulegal.com\/en\/wp-json\/wp\/v2\/article\/3484","targetHints":{"allow":["GET"]}}],"collection":[{"href":"https:\/\/ppulegal.com\/en\/wp-json\/wp\/v2\/article"}],"about":[{"href":"https:\/\/ppulegal.com\/en\/wp-json\/wp\/v2\/types\/article"}],"author":[{"embeddable":true,"href":"https:\/\/ppulegal.com\/en\/wp-json\/wp\/v2\/users\/2"}],"version-history":[{"count":2,"href":"https:\/\/ppulegal.com\/en\/wp-json\/wp\/v2\/article\/3484\/revisions"}],"predecessor-version":[{"id":16252,"href":"https:\/\/ppulegal.com\/en\/wp-json\/wp\/v2\/article\/3484\/revisions\/16252"}],"wp:attachment":[{"href":"https:\/\/ppulegal.com\/en\/wp-json\/wp\/v2\/media?parent=3484"}],"wp:term":[{"taxonomy":"tax_location","embeddable":true,"href":"https:\/\/ppulegal.com\/en\/wp-json\/wp\/v2\/tax_location?post=3484"},{"taxonomy":"article_type","embeddable":true,"href":"https:\/\/ppulegal.com\/en\/wp-json\/wp\/v2\/article_type?post=3484"}],"curies":[{"name":"wp","href":"https:\/\/api.w.org\/{rel}","templated":true}]}}