{"id":3691,"date":"2024-05-29T15:27:28","date_gmt":"2024-05-29T20:27:28","guid":{"rendered":"http:\/\/localhost:8080\/ppu-informa\/las-mujeres-tributaristas-tenemos-un-espacio-propio-desde-hace-muchos-anos\/"},"modified":"2025-07-18T11:52:04","modified_gmt":"2025-07-18T15:52:04","slug":"las-mujeres-tributaristas-tenemos-un-espacio-propio-desde-hace-muchos-anos","status":"publish","type":"article","link":"https:\/\/ppulegal.com\/en\/actualidad-legal\/las-mujeres-tributaristas-tenemos-un-espacio-propio-desde-hace-muchos-anos\/","title":{"rendered":"\u201cLas mujeres tributaristas tenemos un espacio propio desde hace muchos a\u00f1os\u201d"},"content":{"rendered":"<p>\u201cLas mujeres tributaristas tenemos un espacio propio desde hace muchos a\u00f1os\u201d small Fuente: Abogados involucrados Publicaciones relacionadas     <\/p>\n","protected":false},"excerpt":{"rendered":"<p>Dos han sido los reconocimientos que ha recibido la abogada Carolina Rozo Guti\u00e9rrez, socia de Philippi Prietocarrizosa Ferrero DU &#038; Ur\u00eda (PPU), en los \u00faltimos meses: a finales del 2023, fue nombrada miembro de la Academia Colombiana de Jurisprudencia, mientras que, hace varias semanas, fue reconocida como la Mujer Tributarista del A\u00f1o, por parte del Instituto Colombiano de Derecho Tributario (ICDT).<\/p>\n","protected":false},"author":2,"menu_order":0,"template":"","meta":{"_acf_changed":false,"footnotes":""},"tax_location":[7],"article_type":[4],"class_list":["post-3691","article","type-article","status-publish","hentry","tax_location-colombia","article_type-noticia"],"acf":[],"yoast_head":"<!-- This site is optimized with the Yoast SEO plugin v26.4 - https:\/\/yoast.com\/wordpress\/plugins\/seo\/ -->\n<title>\u201cLas mujeres tributaristas tenemos un espacio propio desde hace muchos a\u00f1os\u201d - PPU Legal<\/title>\n<meta name=\"robots\" content=\"index, follow, max-snippet:-1, max-image-preview:large, max-video-preview:-1\" \/>\n<link rel=\"canonical\" href=\"https:\/\/ppulegal.com\/en\/actualidad-legal\/las-mujeres-tributaristas-tenemos-un-espacio-propio-desde-hace-muchos-anos\/\" \/>\n<meta property=\"og:locale\" content=\"en_US\" \/>\n<meta property=\"og:type\" content=\"article\" \/>\n<meta property=\"og:title\" content=\"\u201cLas mujeres tributaristas tenemos un espacio propio desde hace muchos a\u00f1os\u201d - PPU Legal\" \/>\n<meta property=\"og:description\" content=\"Dos han sido los reconocimientos que ha recibido la abogada Carolina Rozo Guti\u00e9rrez, socia de Philippi Prietocarrizosa Ferrero DU &amp; Ur\u00eda (PPU), en los \u00faltimos meses: a finales del 2023, fue nombrada miembro de la Academia Colombiana de Jurisprudencia, mientras que, hace varias semanas, fue reconocida como la Mujer Tributarista del A\u00f1o, por parte del Instituto Colombiano de Derecho Tributario (ICDT).\" \/>\n<meta property=\"og:url\" content=\"https:\/\/ppulegal.com\/en\/actualidad-legal\/las-mujeres-tributaristas-tenemos-un-espacio-propio-desde-hace-muchos-anos\/\" \/>\n<meta property=\"og:site_name\" content=\"PPU Legal\" \/>\n<meta property=\"article:modified_time\" content=\"2025-07-18T15:52:04+00:00\" \/>\n<meta name=\"twitter:card\" content=\"summary_large_image\" \/>\n<meta name=\"twitter:label1\" content=\"Est. reading time\" \/>\n\t<meta name=\"twitter:data1\" content=\"5 minutes\" \/>\n<script type=\"application\/ld+json\" class=\"yoast-schema-graph\">{\"@context\":\"https:\/\/schema.org\",\"@graph\":[{\"@type\":\"WebPage\",\"@id\":\"https:\/\/ppulegal.com\/en\/actualidad-legal\/las-mujeres-tributaristas-tenemos-un-espacio-propio-desde-hace-muchos-anos\/\",\"url\":\"https:\/\/ppulegal.com\/en\/actualidad-legal\/las-mujeres-tributaristas-tenemos-un-espacio-propio-desde-hace-muchos-anos\/\",\"name\":\"\u201cLas mujeres tributaristas tenemos un espacio propio desde hace muchos a\u00f1os\u201d - PPU Legal\",\"isPartOf\":{\"@id\":\"https:\/\/ppulegal.com\/en\/#website\"},\"datePublished\":\"2024-05-29T20:27:28+00:00\",\"dateModified\":\"2025-07-18T15:52:04+00:00\",\"breadcrumb\":{\"@id\":\"https:\/\/ppulegal.com\/en\/actualidad-legal\/las-mujeres-tributaristas-tenemos-un-espacio-propio-desde-hace-muchos-anos\/#breadcrumb\"},\"inLanguage\":\"en-US\",\"potentialAction\":[{\"@type\":\"ReadAction\",\"target\":[\"https:\/\/ppulegal.com\/en\/actualidad-legal\/las-mujeres-tributaristas-tenemos-un-espacio-propio-desde-hace-muchos-anos\/\"]}]},{\"@type\":\"BreadcrumbList\",\"@id\":\"https:\/\/ppulegal.com\/en\/actualidad-legal\/las-mujeres-tributaristas-tenemos-un-espacio-propio-desde-hace-muchos-anos\/#breadcrumb\",\"itemListElement\":[{\"@type\":\"ListItem\",\"position\":1,\"name\":\"Home\",\"item\":\"https:\/\/ppulegal.com\/en\/\"},{\"@type\":\"ListItem\",\"position\":2,\"name\":\"\u201cLas mujeres tributaristas tenemos un espacio propio desde hace muchos a\u00f1os\u201d\"}]},{\"@type\":\"WebSite\",\"@id\":\"https:\/\/ppulegal.com\/en\/#website\",\"url\":\"https:\/\/ppulegal.com\/en\/\",\"name\":\"PPU Legal\",\"description\":\"\",\"potentialAction\":[{\"@type\":\"SearchAction\",\"target\":{\"@type\":\"EntryPoint\",\"urlTemplate\":\"https:\/\/ppulegal.com\/en\/?s={search_term_string}\"},\"query-input\":{\"@type\":\"PropertyValueSpecification\",\"valueRequired\":true,\"valueName\":\"search_term_string\"}}],\"inLanguage\":\"en-US\"}]}<\/script>\n<!-- \/ Yoast SEO plugin. -->","yoast_head_json":{"title":"\u201cLas mujeres tributaristas tenemos un espacio propio desde hace muchos a\u00f1os\u201d - PPU Legal","robots":{"index":"index","follow":"follow","max-snippet":"max-snippet:-1","max-image-preview":"max-image-preview:large","max-video-preview":"max-video-preview:-1"},"canonical":"https:\/\/ppulegal.com\/en\/actualidad-legal\/las-mujeres-tributaristas-tenemos-un-espacio-propio-desde-hace-muchos-anos\/","og_locale":"en_US","og_type":"article","og_title":"\u201cLas mujeres tributaristas tenemos un espacio propio desde hace muchos a\u00f1os\u201d - PPU Legal","og_description":"Dos han sido los reconocimientos que ha recibido la abogada Carolina Rozo Guti\u00e9rrez, socia de Philippi Prietocarrizosa Ferrero DU & Ur\u00eda (PPU), en los \u00faltimos meses: a finales del 2023, fue nombrada miembro de la Academia Colombiana de Jurisprudencia, mientras que, hace varias semanas, fue reconocida como la Mujer Tributarista del A\u00f1o, por parte del Instituto Colombiano de Derecho Tributario (ICDT).","og_url":"https:\/\/ppulegal.com\/en\/actualidad-legal\/las-mujeres-tributaristas-tenemos-un-espacio-propio-desde-hace-muchos-anos\/","og_site_name":"PPU Legal","article_modified_time":"2025-07-18T15:52:04+00:00","twitter_card":"summary_large_image","twitter_misc":{"Est. reading time":"5 minutes"},"schema":{"@context":"https:\/\/schema.org","@graph":[{"@type":"WebPage","@id":"https:\/\/ppulegal.com\/en\/actualidad-legal\/las-mujeres-tributaristas-tenemos-un-espacio-propio-desde-hace-muchos-anos\/","url":"https:\/\/ppulegal.com\/en\/actualidad-legal\/las-mujeres-tributaristas-tenemos-un-espacio-propio-desde-hace-muchos-anos\/","name":"\u201cLas mujeres tributaristas tenemos un espacio propio desde hace muchos a\u00f1os\u201d - PPU Legal","isPartOf":{"@id":"https:\/\/ppulegal.com\/en\/#website"},"datePublished":"2024-05-29T20:27:28+00:00","dateModified":"2025-07-18T15:52:04+00:00","breadcrumb":{"@id":"https:\/\/ppulegal.com\/en\/actualidad-legal\/las-mujeres-tributaristas-tenemos-un-espacio-propio-desde-hace-muchos-anos\/#breadcrumb"},"inLanguage":"en-US","potentialAction":[{"@type":"ReadAction","target":["https:\/\/ppulegal.com\/en\/actualidad-legal\/las-mujeres-tributaristas-tenemos-un-espacio-propio-desde-hace-muchos-anos\/"]}]},{"@type":"BreadcrumbList","@id":"https:\/\/ppulegal.com\/en\/actualidad-legal\/las-mujeres-tributaristas-tenemos-un-espacio-propio-desde-hace-muchos-anos\/#breadcrumb","itemListElement":[{"@type":"ListItem","position":1,"name":"Home","item":"https:\/\/ppulegal.com\/en\/"},{"@type":"ListItem","position":2,"name":"\u201cLas mujeres tributaristas tenemos un espacio propio desde hace muchos a\u00f1os\u201d"}]},{"@type":"WebSite","@id":"https:\/\/ppulegal.com\/en\/#website","url":"https:\/\/ppulegal.com\/en\/","name":"PPU Legal","description":"","potentialAction":[{"@type":"SearchAction","target":{"@type":"EntryPoint","urlTemplate":"https:\/\/ppulegal.com\/en\/?s={search_term_string}"},"query-input":{"@type":"PropertyValueSpecification","valueRequired":true,"valueName":"search_term_string"}}],"inLanguage":"en-US"}]}},"_links":{"self":[{"href":"https:\/\/ppulegal.com\/en\/wp-json\/wp\/v2\/article\/3691","targetHints":{"allow":["GET"]}}],"collection":[{"href":"https:\/\/ppulegal.com\/en\/wp-json\/wp\/v2\/article"}],"about":[{"href":"https:\/\/ppulegal.com\/en\/wp-json\/wp\/v2\/types\/article"}],"author":[{"embeddable":true,"href":"https:\/\/ppulegal.com\/en\/wp-json\/wp\/v2\/users\/2"}],"version-history":[{"count":2,"href":"https:\/\/ppulegal.com\/en\/wp-json\/wp\/v2\/article\/3691\/revisions"}],"predecessor-version":[{"id":14734,"href":"https:\/\/ppulegal.com\/en\/wp-json\/wp\/v2\/article\/3691\/revisions\/14734"}],"wp:attachment":[{"href":"https:\/\/ppulegal.com\/en\/wp-json\/wp\/v2\/media?parent=3691"}],"wp:term":[{"taxonomy":"tax_location","embeddable":true,"href":"https:\/\/ppulegal.com\/en\/wp-json\/wp\/v2\/tax_location?post=3691"},{"taxonomy":"article_type","embeddable":true,"href":"https:\/\/ppulegal.com\/en\/wp-json\/wp\/v2\/article_type?post=3691"}],"curies":[{"name":"wp","href":"https:\/\/api.w.org\/{rel}","templated":true}]}}