{"id":3741,"date":"2024-07-01T09:51:27","date_gmt":"2024-07-01T14:51:27","guid":{"rendered":"http:\/\/localhost:8080\/ppu-informa\/pension-de-invalidez-en-mineria-quien-debe-probar-que-el-trabajo-causo-la-enfermedad\/"},"modified":"2025-07-17T16:41:07","modified_gmt":"2025-07-17T20:41:07","slug":"pension-de-invalidez-en-mineria-quien-debe-probar-que-el-trabajo-causo-la-enfermedad","status":"publish","type":"article","link":"https:\/\/ppulegal.com\/en\/actualidad-legal\/pension-de-invalidez-en-mineria-quien-debe-probar-que-el-trabajo-causo-la-enfermedad\/","title":{"rendered":"Pensi\u00f3n de invalidez en miner\u00eda: \u00bfqui\u00e9n debe probar que el trabajo caus\u00f3 la enfermedad?"},"content":{"rendered":"<p>Pensi\u00f3n de invalidez en miner\u00eda: \u00bfqui\u00e9n debe probar que el trabajo caus\u00f3 la enfermedad? small Fuente: Abogados involucrados Publicaciones relacionadas     <\/p>\n","protected":false},"excerpt":{"rendered":"<p>El Tribunal Constitucional (TC) ha resuelto un caso de pensi\u00f3n de invalidez por enfermedad profesional, redefiniendo la carga de la prueba. El caso involucr\u00f3 a un minero que solicitaba una pensi\u00f3n de invalidez debido a neumoconiosis, una enfermedad causada por la inhalaci\u00f3n de polvo mineral. El TC no solo orden\u00f3 el pago de la pensi\u00f3n, sino que tambi\u00e9n estableci\u00f3 un nuevo precedente que simplifica el proceso probatorio y asegura una protecci\u00f3n m\u00e1s efectiva para los trabajadores que sufren de enfermedades profesionales.<\/p>\n","protected":false},"author":2,"menu_order":0,"template":"","meta":{"_acf_changed":false,"footnotes":""},"tax_location":[8],"article_type":[4],"class_list":["post-3741","article","type-article","status-publish","hentry","tax_location-peru","article_type-noticia"],"acf":[],"yoast_head":"<!-- This site is optimized with the Yoast SEO plugin v26.4 - https:\/\/yoast.com\/wordpress\/plugins\/seo\/ -->\n<title>Pensi\u00f3n de invalidez en miner\u00eda: \u00bfqui\u00e9n debe probar que el trabajo caus\u00f3 la enfermedad? - PPU Legal<\/title>\n<meta name=\"robots\" content=\"index, follow, max-snippet:-1, max-image-preview:large, max-video-preview:-1\" \/>\n<link rel=\"canonical\" href=\"https:\/\/ppulegal.com\/en\/actualidad-legal\/pension-de-invalidez-en-mineria-quien-debe-probar-que-el-trabajo-causo-la-enfermedad\/\" \/>\n<meta property=\"og:locale\" content=\"en_US\" \/>\n<meta property=\"og:type\" content=\"article\" \/>\n<meta property=\"og:title\" content=\"Pensi\u00f3n de invalidez en miner\u00eda: \u00bfqui\u00e9n debe probar que el trabajo caus\u00f3 la enfermedad? - PPU Legal\" \/>\n<meta property=\"og:description\" content=\"El Tribunal Constitucional (TC) ha resuelto un caso de pensi\u00f3n de invalidez por enfermedad profesional, redefiniendo la carga de la prueba. El caso involucr\u00f3 a un minero que solicitaba una pensi\u00f3n de invalidez debido a neumoconiosis, una enfermedad causada por la inhalaci\u00f3n de polvo mineral. El TC no solo orden\u00f3 el pago de la pensi\u00f3n, sino que tambi\u00e9n estableci\u00f3 un nuevo precedente que simplifica el proceso probatorio y asegura una protecci\u00f3n m\u00e1s efectiva para los trabajadores que sufren de enfermedades profesionales.\" \/>\n<meta property=\"og:url\" content=\"https:\/\/ppulegal.com\/en\/actualidad-legal\/pension-de-invalidez-en-mineria-quien-debe-probar-que-el-trabajo-causo-la-enfermedad\/\" \/>\n<meta property=\"og:site_name\" content=\"PPU Legal\" \/>\n<meta property=\"article:modified_time\" content=\"2025-07-17T20:41:07+00:00\" \/>\n<meta name=\"twitter:card\" content=\"summary_large_image\" \/>\n<meta name=\"twitter:label1\" content=\"Est. reading time\" \/>\n\t<meta name=\"twitter:data1\" content=\"5 minutes\" \/>\n<script type=\"application\/ld+json\" class=\"yoast-schema-graph\">{\"@context\":\"https:\/\/schema.org\",\"@graph\":[{\"@type\":\"WebPage\",\"@id\":\"https:\/\/ppulegal.com\/en\/actualidad-legal\/pension-de-invalidez-en-mineria-quien-debe-probar-que-el-trabajo-causo-la-enfermedad\/\",\"url\":\"https:\/\/ppulegal.com\/en\/actualidad-legal\/pension-de-invalidez-en-mineria-quien-debe-probar-que-el-trabajo-causo-la-enfermedad\/\",\"name\":\"Pensi\u00f3n de invalidez en miner\u00eda: \u00bfqui\u00e9n debe probar que el trabajo caus\u00f3 la enfermedad? - PPU Legal\",\"isPartOf\":{\"@id\":\"https:\/\/ppulegal.com\/en\/#website\"},\"datePublished\":\"2024-07-01T14:51:27+00:00\",\"dateModified\":\"2025-07-17T20:41:07+00:00\",\"breadcrumb\":{\"@id\":\"https:\/\/ppulegal.com\/en\/actualidad-legal\/pension-de-invalidez-en-mineria-quien-debe-probar-que-el-trabajo-causo-la-enfermedad\/#breadcrumb\"},\"inLanguage\":\"en-US\",\"potentialAction\":[{\"@type\":\"ReadAction\",\"target\":[\"https:\/\/ppulegal.com\/en\/actualidad-legal\/pension-de-invalidez-en-mineria-quien-debe-probar-que-el-trabajo-causo-la-enfermedad\/\"]}]},{\"@type\":\"BreadcrumbList\",\"@id\":\"https:\/\/ppulegal.com\/en\/actualidad-legal\/pension-de-invalidez-en-mineria-quien-debe-probar-que-el-trabajo-causo-la-enfermedad\/#breadcrumb\",\"itemListElement\":[{\"@type\":\"ListItem\",\"position\":1,\"name\":\"Home\",\"item\":\"https:\/\/ppulegal.com\/en\/\"},{\"@type\":\"ListItem\",\"position\":2,\"name\":\"Pensi\u00f3n de invalidez en miner\u00eda: \u00bfqui\u00e9n debe probar que el trabajo caus\u00f3 la enfermedad?\"}]},{\"@type\":\"WebSite\",\"@id\":\"https:\/\/ppulegal.com\/en\/#website\",\"url\":\"https:\/\/ppulegal.com\/en\/\",\"name\":\"PPU Legal\",\"description\":\"\",\"potentialAction\":[{\"@type\":\"SearchAction\",\"target\":{\"@type\":\"EntryPoint\",\"urlTemplate\":\"https:\/\/ppulegal.com\/en\/?s={search_term_string}\"},\"query-input\":{\"@type\":\"PropertyValueSpecification\",\"valueRequired\":true,\"valueName\":\"search_term_string\"}}],\"inLanguage\":\"en-US\"}]}<\/script>\n<!-- \/ Yoast SEO plugin. -->","yoast_head_json":{"title":"Pensi\u00f3n de invalidez en miner\u00eda: \u00bfqui\u00e9n debe probar que el trabajo caus\u00f3 la enfermedad? - PPU Legal","robots":{"index":"index","follow":"follow","max-snippet":"max-snippet:-1","max-image-preview":"max-image-preview:large","max-video-preview":"max-video-preview:-1"},"canonical":"https:\/\/ppulegal.com\/en\/actualidad-legal\/pension-de-invalidez-en-mineria-quien-debe-probar-que-el-trabajo-causo-la-enfermedad\/","og_locale":"en_US","og_type":"article","og_title":"Pensi\u00f3n de invalidez en miner\u00eda: \u00bfqui\u00e9n debe probar que el trabajo caus\u00f3 la enfermedad? - PPU Legal","og_description":"El Tribunal Constitucional (TC) ha resuelto un caso de pensi\u00f3n de invalidez por enfermedad profesional, redefiniendo la carga de la prueba. El caso involucr\u00f3 a un minero que solicitaba una pensi\u00f3n de invalidez debido a neumoconiosis, una enfermedad causada por la inhalaci\u00f3n de polvo mineral. El TC no solo orden\u00f3 el pago de la pensi\u00f3n, sino que tambi\u00e9n estableci\u00f3 un nuevo precedente que simplifica el proceso probatorio y asegura una protecci\u00f3n m\u00e1s efectiva para los trabajadores que sufren de enfermedades profesionales.","og_url":"https:\/\/ppulegal.com\/en\/actualidad-legal\/pension-de-invalidez-en-mineria-quien-debe-probar-que-el-trabajo-causo-la-enfermedad\/","og_site_name":"PPU Legal","article_modified_time":"2025-07-17T20:41:07+00:00","twitter_card":"summary_large_image","twitter_misc":{"Est. reading time":"5 minutes"},"schema":{"@context":"https:\/\/schema.org","@graph":[{"@type":"WebPage","@id":"https:\/\/ppulegal.com\/en\/actualidad-legal\/pension-de-invalidez-en-mineria-quien-debe-probar-que-el-trabajo-causo-la-enfermedad\/","url":"https:\/\/ppulegal.com\/en\/actualidad-legal\/pension-de-invalidez-en-mineria-quien-debe-probar-que-el-trabajo-causo-la-enfermedad\/","name":"Pensi\u00f3n de invalidez en miner\u00eda: \u00bfqui\u00e9n debe probar que el trabajo caus\u00f3 la enfermedad? - PPU Legal","isPartOf":{"@id":"https:\/\/ppulegal.com\/en\/#website"},"datePublished":"2024-07-01T14:51:27+00:00","dateModified":"2025-07-17T20:41:07+00:00","breadcrumb":{"@id":"https:\/\/ppulegal.com\/en\/actualidad-legal\/pension-de-invalidez-en-mineria-quien-debe-probar-que-el-trabajo-causo-la-enfermedad\/#breadcrumb"},"inLanguage":"en-US","potentialAction":[{"@type":"ReadAction","target":["https:\/\/ppulegal.com\/en\/actualidad-legal\/pension-de-invalidez-en-mineria-quien-debe-probar-que-el-trabajo-causo-la-enfermedad\/"]}]},{"@type":"BreadcrumbList","@id":"https:\/\/ppulegal.com\/en\/actualidad-legal\/pension-de-invalidez-en-mineria-quien-debe-probar-que-el-trabajo-causo-la-enfermedad\/#breadcrumb","itemListElement":[{"@type":"ListItem","position":1,"name":"Home","item":"https:\/\/ppulegal.com\/en\/"},{"@type":"ListItem","position":2,"name":"Pensi\u00f3n de invalidez en miner\u00eda: \u00bfqui\u00e9n debe probar que el trabajo caus\u00f3 la enfermedad?"}]},{"@type":"WebSite","@id":"https:\/\/ppulegal.com\/en\/#website","url":"https:\/\/ppulegal.com\/en\/","name":"PPU Legal","description":"","potentialAction":[{"@type":"SearchAction","target":{"@type":"EntryPoint","urlTemplate":"https:\/\/ppulegal.com\/en\/?s={search_term_string}"},"query-input":{"@type":"PropertyValueSpecification","valueRequired":true,"valueName":"search_term_string"}}],"inLanguage":"en-US"}]}},"_links":{"self":[{"href":"https:\/\/ppulegal.com\/en\/wp-json\/wp\/v2\/article\/3741","targetHints":{"allow":["GET"]}}],"collection":[{"href":"https:\/\/ppulegal.com\/en\/wp-json\/wp\/v2\/article"}],"about":[{"href":"https:\/\/ppulegal.com\/en\/wp-json\/wp\/v2\/types\/article"}],"author":[{"embeddable":true,"href":"https:\/\/ppulegal.com\/en\/wp-json\/wp\/v2\/users\/2"}],"version-history":[{"count":2,"href":"https:\/\/ppulegal.com\/en\/wp-json\/wp\/v2\/article\/3741\/revisions"}],"predecessor-version":[{"id":14551,"href":"https:\/\/ppulegal.com\/en\/wp-json\/wp\/v2\/article\/3741\/revisions\/14551"}],"wp:attachment":[{"href":"https:\/\/ppulegal.com\/en\/wp-json\/wp\/v2\/media?parent=3741"}],"wp:term":[{"taxonomy":"tax_location","embeddable":true,"href":"https:\/\/ppulegal.com\/en\/wp-json\/wp\/v2\/tax_location?post=3741"},{"taxonomy":"article_type","embeddable":true,"href":"https:\/\/ppulegal.com\/en\/wp-json\/wp\/v2\/article_type?post=3741"}],"curies":[{"name":"wp","href":"https:\/\/api.w.org\/{rel}","templated":true}]}}