{"id":3949,"date":"2024-10-29T15:44:38","date_gmt":"2024-10-29T15:44:38","guid":{"rendered":"http:\/\/localhost:8080\/ppu-informa\/miraflores-ya-no-flexibilizara-parametros-para-promover-viviendas-sostenibles-por-que\/"},"modified":"2025-07-10T17:37:29","modified_gmt":"2025-07-10T21:37:29","slug":"miraflores-ya-no-flexibilizara-parametros-para-promover-viviendas-sostenibles-por-que","status":"publish","type":"article","link":"https:\/\/ppulegal.com\/en\/actualidad-legal\/miraflores-ya-no-flexibilizara-parametros-para-promover-viviendas-sostenibles-por-que\/","title":{"rendered":"Miraflores ya no flexibilizar\u00e1 par\u00e1metros para promover viviendas sostenibles, \u00bfpor qu\u00e9?"},"content":{"rendered":"<p>Miraflores ya no flexibilizar\u00e1 par\u00e1metros para promover viviendas sostenibles, \u00bfpor qu\u00e9? small Fuente: Abogados involucrados Publicaciones relacionadas     <\/p>\n","protected":false},"excerpt":{"rendered":"<p>En el distrito de Miraflores ya no se flexibilizar\u00e1n los par\u00e1metros si se construyen viviendas sostenibles. El pasado 16 de octubre la municipalidad public\u00f3 un proyecto de ordenanza que deroga la ordenanza N\u00b0 618, emitida en septiembre del 2023, la cual regula las medidas de promoci\u00f3n de este tipo de viviendas.<\/p>\n","protected":false},"author":2,"menu_order":0,"template":"","meta":{"_acf_changed":false,"footnotes":""},"tax_location":[8],"article_type":[4],"class_list":["post-3949","article","type-article","status-publish","hentry","tax_location-peru","article_type-noticia"],"acf":[],"yoast_head":"<!-- This site is optimized with the Yoast SEO plugin v26.4 - https:\/\/yoast.com\/wordpress\/plugins\/seo\/ -->\n<title>Miraflores ya no flexibilizar\u00e1 par\u00e1metros para promover viviendas sostenibles, \u00bfpor qu\u00e9? - PPU Legal<\/title>\n<meta name=\"robots\" content=\"index, follow, max-snippet:-1, max-image-preview:large, max-video-preview:-1\" \/>\n<link rel=\"canonical\" href=\"https:\/\/ppulegal.com\/en\/actualidad-legal\/miraflores-ya-no-flexibilizara-parametros-para-promover-viviendas-sostenibles-por-que\/\" \/>\n<meta property=\"og:locale\" content=\"en_US\" \/>\n<meta property=\"og:type\" content=\"article\" \/>\n<meta property=\"og:title\" content=\"Miraflores ya no flexibilizar\u00e1 par\u00e1metros para promover viviendas sostenibles, \u00bfpor qu\u00e9? - PPU Legal\" \/>\n<meta property=\"og:description\" content=\"En el distrito de Miraflores ya no se flexibilizar\u00e1n los par\u00e1metros si se construyen viviendas sostenibles. El pasado 16 de octubre la municipalidad public\u00f3 un proyecto de ordenanza que deroga la ordenanza N\u00b0 618, emitida en septiembre del 2023, la cual regula las medidas de promoci\u00f3n de este tipo de viviendas.\" \/>\n<meta property=\"og:url\" content=\"https:\/\/ppulegal.com\/en\/actualidad-legal\/miraflores-ya-no-flexibilizara-parametros-para-promover-viviendas-sostenibles-por-que\/\" \/>\n<meta property=\"og:site_name\" content=\"PPU Legal\" \/>\n<meta property=\"article:modified_time\" content=\"2025-07-10T21:37:29+00:00\" \/>\n<meta name=\"twitter:card\" content=\"summary_large_image\" \/>\n<meta name=\"twitter:label1\" content=\"Est. reading time\" \/>\n\t<meta name=\"twitter:data1\" content=\"4 minutes\" \/>\n<script type=\"application\/ld+json\" class=\"yoast-schema-graph\">{\"@context\":\"https:\/\/schema.org\",\"@graph\":[{\"@type\":\"WebPage\",\"@id\":\"https:\/\/ppulegal.com\/en\/actualidad-legal\/miraflores-ya-no-flexibilizara-parametros-para-promover-viviendas-sostenibles-por-que\/\",\"url\":\"https:\/\/ppulegal.com\/en\/actualidad-legal\/miraflores-ya-no-flexibilizara-parametros-para-promover-viviendas-sostenibles-por-que\/\",\"name\":\"Miraflores ya no flexibilizar\u00e1 par\u00e1metros para promover viviendas sostenibles, \u00bfpor qu\u00e9? - PPU Legal\",\"isPartOf\":{\"@id\":\"https:\/\/ppulegal.com\/en\/#website\"},\"datePublished\":\"2024-10-29T15:44:38+00:00\",\"dateModified\":\"2025-07-10T21:37:29+00:00\",\"breadcrumb\":{\"@id\":\"https:\/\/ppulegal.com\/en\/actualidad-legal\/miraflores-ya-no-flexibilizara-parametros-para-promover-viviendas-sostenibles-por-que\/#breadcrumb\"},\"inLanguage\":\"en-US\",\"potentialAction\":[{\"@type\":\"ReadAction\",\"target\":[\"https:\/\/ppulegal.com\/en\/actualidad-legal\/miraflores-ya-no-flexibilizara-parametros-para-promover-viviendas-sostenibles-por-que\/\"]}]},{\"@type\":\"BreadcrumbList\",\"@id\":\"https:\/\/ppulegal.com\/en\/actualidad-legal\/miraflores-ya-no-flexibilizara-parametros-para-promover-viviendas-sostenibles-por-que\/#breadcrumb\",\"itemListElement\":[{\"@type\":\"ListItem\",\"position\":1,\"name\":\"Home\",\"item\":\"https:\/\/ppulegal.com\/en\/\"},{\"@type\":\"ListItem\",\"position\":2,\"name\":\"Miraflores ya no flexibilizar\u00e1 par\u00e1metros para promover viviendas sostenibles, \u00bfpor qu\u00e9?\"}]},{\"@type\":\"WebSite\",\"@id\":\"https:\/\/ppulegal.com\/en\/#website\",\"url\":\"https:\/\/ppulegal.com\/en\/\",\"name\":\"PPU Legal\",\"description\":\"\",\"potentialAction\":[{\"@type\":\"SearchAction\",\"target\":{\"@type\":\"EntryPoint\",\"urlTemplate\":\"https:\/\/ppulegal.com\/en\/?s={search_term_string}\"},\"query-input\":{\"@type\":\"PropertyValueSpecification\",\"valueRequired\":true,\"valueName\":\"search_term_string\"}}],\"inLanguage\":\"en-US\"}]}<\/script>\n<!-- \/ Yoast SEO plugin. -->","yoast_head_json":{"title":"Miraflores ya no flexibilizar\u00e1 par\u00e1metros para promover viviendas sostenibles, \u00bfpor qu\u00e9? - PPU Legal","robots":{"index":"index","follow":"follow","max-snippet":"max-snippet:-1","max-image-preview":"max-image-preview:large","max-video-preview":"max-video-preview:-1"},"canonical":"https:\/\/ppulegal.com\/en\/actualidad-legal\/miraflores-ya-no-flexibilizara-parametros-para-promover-viviendas-sostenibles-por-que\/","og_locale":"en_US","og_type":"article","og_title":"Miraflores ya no flexibilizar\u00e1 par\u00e1metros para promover viviendas sostenibles, \u00bfpor qu\u00e9? - PPU Legal","og_description":"En el distrito de Miraflores ya no se flexibilizar\u00e1n los par\u00e1metros si se construyen viviendas sostenibles. El pasado 16 de octubre la municipalidad public\u00f3 un proyecto de ordenanza que deroga la ordenanza N\u00b0 618, emitida en septiembre del 2023, la cual regula las medidas de promoci\u00f3n de este tipo de viviendas.","og_url":"https:\/\/ppulegal.com\/en\/actualidad-legal\/miraflores-ya-no-flexibilizara-parametros-para-promover-viviendas-sostenibles-por-que\/","og_site_name":"PPU Legal","article_modified_time":"2025-07-10T21:37:29+00:00","twitter_card":"summary_large_image","twitter_misc":{"Est. reading time":"4 minutes"},"schema":{"@context":"https:\/\/schema.org","@graph":[{"@type":"WebPage","@id":"https:\/\/ppulegal.com\/en\/actualidad-legal\/miraflores-ya-no-flexibilizara-parametros-para-promover-viviendas-sostenibles-por-que\/","url":"https:\/\/ppulegal.com\/en\/actualidad-legal\/miraflores-ya-no-flexibilizara-parametros-para-promover-viviendas-sostenibles-por-que\/","name":"Miraflores ya no flexibilizar\u00e1 par\u00e1metros para promover viviendas sostenibles, \u00bfpor qu\u00e9? - PPU Legal","isPartOf":{"@id":"https:\/\/ppulegal.com\/en\/#website"},"datePublished":"2024-10-29T15:44:38+00:00","dateModified":"2025-07-10T21:37:29+00:00","breadcrumb":{"@id":"https:\/\/ppulegal.com\/en\/actualidad-legal\/miraflores-ya-no-flexibilizara-parametros-para-promover-viviendas-sostenibles-por-que\/#breadcrumb"},"inLanguage":"en-US","potentialAction":[{"@type":"ReadAction","target":["https:\/\/ppulegal.com\/en\/actualidad-legal\/miraflores-ya-no-flexibilizara-parametros-para-promover-viviendas-sostenibles-por-que\/"]}]},{"@type":"BreadcrumbList","@id":"https:\/\/ppulegal.com\/en\/actualidad-legal\/miraflores-ya-no-flexibilizara-parametros-para-promover-viviendas-sostenibles-por-que\/#breadcrumb","itemListElement":[{"@type":"ListItem","position":1,"name":"Home","item":"https:\/\/ppulegal.com\/en\/"},{"@type":"ListItem","position":2,"name":"Miraflores ya no flexibilizar\u00e1 par\u00e1metros para promover viviendas sostenibles, \u00bfpor qu\u00e9?"}]},{"@type":"WebSite","@id":"https:\/\/ppulegal.com\/en\/#website","url":"https:\/\/ppulegal.com\/en\/","name":"PPU Legal","description":"","potentialAction":[{"@type":"SearchAction","target":{"@type":"EntryPoint","urlTemplate":"https:\/\/ppulegal.com\/en\/?s={search_term_string}"},"query-input":{"@type":"PropertyValueSpecification","valueRequired":true,"valueName":"search_term_string"}}],"inLanguage":"en-US"}]}},"_links":{"self":[{"href":"https:\/\/ppulegal.com\/en\/wp-json\/wp\/v2\/article\/3949","targetHints":{"allow":["GET"]}}],"collection":[{"href":"https:\/\/ppulegal.com\/en\/wp-json\/wp\/v2\/article"}],"about":[{"href":"https:\/\/ppulegal.com\/en\/wp-json\/wp\/v2\/types\/article"}],"author":[{"embeddable":true,"href":"https:\/\/ppulegal.com\/en\/wp-json\/wp\/v2\/users\/2"}],"version-history":[{"count":2,"href":"https:\/\/ppulegal.com\/en\/wp-json\/wp\/v2\/article\/3949\/revisions"}],"predecessor-version":[{"id":13698,"href":"https:\/\/ppulegal.com\/en\/wp-json\/wp\/v2\/article\/3949\/revisions\/13698"}],"wp:attachment":[{"href":"https:\/\/ppulegal.com\/en\/wp-json\/wp\/v2\/media?parent=3949"}],"wp:term":[{"taxonomy":"tax_location","embeddable":true,"href":"https:\/\/ppulegal.com\/en\/wp-json\/wp\/v2\/tax_location?post=3949"},{"taxonomy":"article_type","embeddable":true,"href":"https:\/\/ppulegal.com\/en\/wp-json\/wp\/v2\/article_type?post=3949"}],"curies":[{"name":"wp","href":"https:\/\/api.w.org\/{rel}","templated":true}]}}